{"id":76920,"date":"2025-05-08T17:53:49","date_gmt":"2025-05-08T17:53:49","guid":{"rendered":"https:\/\/goiasemtempo.com.br\/home\/?p=76920"},"modified":"2025-05-08T17:53:49","modified_gmt":"2025-05-08T17:53:49","slug":"robert-francis-prevost-agora-leao-xiv-e-o-primeiro-papa-americano-da-historia","status":"publish","type":"post","link":"https:\/\/goiasemtempo.com.br\/home\/robert-francis-prevost-agora-leao-xiv-e-o-primeiro-papa-americano-da-historia\/","title":{"rendered":"Robert Francis Prevost, agora Le\u00e3o XIV, \u00e9 o primeiro papa americano da hist\u00f3ria"},"content":{"rendered":"<div id=\"chunk-cc0ma\">\n<div class=\"mc-column content-text active-extra-styles \" data-block-type=\"unstyled\" data-block-weight=\"74\" data-block-id=\"2\">\n<p class=\" content-text__container \" data-track-category=\"Link no Texto\" data-track-links=\"\" data-mrf-recirculation=\"Mat\u00e9ria - Links no Texto\">O cardeal americano Robert Francis Prevost, de 69 anos, \u00e9 o primeiro papa americano da hist\u00f3ria da igreja cat\u00f3lica e o primeiro vindo de um pa\u00eds de maioria protestante.\u00a0<a class=\"\" href=\"https:\/\/g1.globo.com\/mundo\/noticia\/2025\/05\/08\/habemus-papam-fumaca-branca-sai-da-chamine-da-capela-sistina-e-igreja-catolica-elege-novo-papa.ghtml\" data-mrf-link=\"https:\/\/g1.globo.com\/mundo\/noticia\/2025\/05\/08\/habemus-papam-fumaca-branca-sai-da-chamine-da-capela-sistina-e-igreja-catolica-elege-novo-papa.ghtml\">Ele foi escolhido no conclave encerrado nesta quinta-feira (8)<\/a>\u00a0e escolheu\u00a0<a class=\"\" href=\"https:\/\/g1.globo.com\/mundo\/noticia\/2025\/05\/08\/quem-e-o-novo-papa.ghtml\" data-mrf-link=\"https:\/\/g1.globo.com\/mundo\/noticia\/2025\/05\/08\/quem-e-o-novo-papa.ghtml\">o nome Le\u00e3o XIV<\/a>. O pont\u00edfice foi escolhido por pelo menos 89 dos 133 cardeais \u2013 dois ter\u00e7os dos eleitores \u2013 e ser\u00e1 o sucessor de Francisco na C\u00e1tedra de S\u00e3o Pedro.<\/p>\n<\/div>\n<\/div>\n<div class=\"wall protected-content\">\n<div id=\"chunk-3puar\">\n<div class=\"mc-column content-text active-extra-styles \" data-block-type=\"unstyled\" data-block-weight=\"72\" data-block-id=\"4\">\n<p class=\" content-text__container \" data-track-category=\"Link no Texto\" data-track-links=\"\" data-mrf-recirculation=\"Mat\u00e9ria - Links no Texto\">\u25b6\ufe0f\u00a0<strong>Qual \u00e9 o perfil de Prevost?<\/strong>\u00a0<span class=\"highlight highlighted\">De perfil discreto e voz tranquila, o novo papa costuma evitar os holofotes e entrevistas<\/span>. No entanto, \u00e9 visto como um reformista, alinhado \u00e0 linha de abertura implementada por Francisco. Tem forma\u00e7\u00e3o s\u00f3lida em teologia e \u00e9 considerado um profundo conhecedor da lei can\u00f4nica, que rege a Igreja Cat\u00f3lica. A vaticanista Mirticeli Medeiros, em entrevista ao podcast\u00a0<a class=\"\" href=\"https:\/\/g1.globo.com\/podcast\/o-assunto\/\" data-mrf-link=\"https:\/\/g1.globo.com\/podcast\/o-assunto\/\">&#8220;O Assunto&#8221;<\/a>, classificou Prevost como\u00a0<a class=\"\" href=\"https:\/\/g1.globo.com\/podcast\/o-assunto\/noticia\/2025\/05\/08\/moderadissimo-discretissimo-as-caracteristicas-do-novo-papa-leao-xiv-na-avaliacao-da-vaticanista-mirticeli-medeiros.ghtml\" data-mrf-link=\"https:\/\/g1.globo.com\/podcast\/o-assunto\/noticia\/2025\/05\/08\/moderadissimo-discretissimo-as-caracteristicas-do-novo-papa-leao-xiv-na-avaliacao-da-vaticanista-mirticeli-medeiros.ghtml\">&#8220;moderad\u00edssimo, discret\u00edssimo&#8221;<\/a>.<\/p>\n<\/div>\n<\/div>\n<div id=\"chunk-7fmdn\">\n<div class=\"content-ads content-ads--reveal\" data-block-type=\"ads\" data-block-id=\"5\"><\/div>\n<\/div>\n<div id=\"chunk-66vgh\">\n<div class=\"mc-column content-text active-extra-styles \" data-block-type=\"unstyled\" data-block-weight=\"9\" data-block-id=\"6\">\n<p class=\" content-text__container \" data-track-category=\"Link no Texto\" data-track-links=\"\" data-mrf-recirculation=\"Mat\u00e9ria - Links no Texto\">\u25b6\ufe0f\u00a0<strong>Qual \u00e9 a origem do novo papa?<\/strong><\/p>\n<\/div>\n<\/div>\n<div id=\"chunk-9ph4n\">\n<div class=\"mc-column content-text active-extra-styles\" data-block-type=\"raw\" data-block-weight=\"240\" data-block-id=\"7\">\n<p class=\"content-text__container\" data-mrf-recirculation=\"Mat\u00e9ria - Links no Texto\">\n<ul class=\"content-unordered-list\">\n<li>Nascido em Chicago, em 14 de setembro de 1955,\u00a0<span class=\"highlight highlighted\">Prevost construiu grande parte de sua trajet\u00f3ria religiosa na Am\u00e9rica Latina, especialmente no Peru<\/span>. Foi l\u00e1 que se destacou at\u00e9 alcan\u00e7ar os cargos mais altos da C\u00faria Romana.<\/li>\n<li>Entrou para a vida religiosa aos 22 anos. Formou-se em teologia na Uni\u00e3o Teol\u00f3gica Cat\u00f3lica de Chicago e, aos 27, foi enviado a Roma para estudar direito can\u00f4nico na Universidade de S\u00e3o Tom\u00e1s de Aquino.<\/li>\n<li>Foi ordenado padre em 1982 e, dois anos depois, iniciou sua atua\u00e7\u00e3o mission\u00e1ria no Peru \u2014 primeiro em Piura, depois em Trujillo, onde permaneceu por dez anos, inclusive durante o governo autorit\u00e1rio de Alberto Fujimori. Prevost chegou a cobrar desculpas p\u00fablicas pelas injusti\u00e7as cometidas no per\u00edodo.<\/li>\n<li>Em 2014, foi nomeado administrador da Diocese de Chiclayo, no Peru, cargo em que foi ordenado bispo e permaneceu por nove anos. Nesse per\u00edodo, enfrentou a principal crise de sua trajet\u00f3ria: em 2023, tr\u00eas mulheres acusaram Prevost de acobertar casos de abuso sexual cometidos por dois padres no Peru, quando elas ainda eram crian\u00e7as.<\/li>\n<li>Segundo as den\u00fancias, uma das v\u00edtimas telefonou para Prevost em 2020. Dois anos depois, ele recebeu formalmente os relatos e encaminhou o caso ao Vaticano. Um dos padres foi afastado preventivamente, e o outro j\u00e1 n\u00e3o exercia mais fun\u00e7\u00f5es por quest\u00f5es de sa\u00fade. A diocese peruana nega qualquer acobertamento e afirma que Prevost seguiu os tr\u00e2mites exigidos pela legisla\u00e7\u00e3o da Igreja. O Vaticano ainda n\u00e3o concluiu a investiga\u00e7\u00e3o.<\/li>\n<\/ul>\n<p>&nbsp;<\/p>\n<\/div>\n<\/div>\n<div id=\"chunk-dg4gi\">\n<div class=\"content-ads content-ads--reveal\" data-block-type=\"ads\" data-block-id=\"8\"><\/div>\n<\/div>\n<div id=\"chunk-8sb4q\">\n<div class=\"mc-column content-text active-extra-styles \" data-block-type=\"unstyled\" data-block-weight=\"39\" data-block-id=\"9\">\n<p class=\" content-text__container \" data-track-category=\"Link no Texto\" data-track-links=\"\" data-mrf-recirculation=\"Mat\u00e9ria - Links no Texto\">\u25b6\ufe0f\u00a0<strong>Qual fun\u00e7\u00e3o Prevost ocupava na Igreja?<\/strong>\u00a0Ao ser eleito, ocupava duas fun\u00e7\u00f5es importantes no Vaticano: prefeito do Dicast\u00e9rio para os Bispos \u2014 \u00f3rg\u00e3o respons\u00e1vel pela nomea\u00e7\u00e3o de bispos \u2014 e presidente da Comiss\u00e3o Pontif\u00edcia para a Am\u00e9rica Latina.<\/p>\n<p data-track-category=\"Link no Texto\" data-track-links=\"\" data-mrf-recirculation=\"Mat\u00e9ria - Links no Texto\"><strong>Como foi a Elei\u00e7\u00e3o ?<\/strong><\/p>\n<div id=\"chunk-25nif\">\n<div class=\"mc-column content-text active-extra-styles \" data-block-type=\"unstyled\" data-block-weight=\"53\" data-block-id=\"13\">\n<p class=\" content-text__container \" data-track-category=\"Link no Texto\" data-track-links=\"\" data-mrf-recirculation=\"Mat\u00e9ria - Links no Texto\">A elei\u00e7\u00e3o de um novo pont\u00edfice tamb\u00e9m seguiu a tend\u00eancia das duas elei\u00e7\u00f5es de papa anteriores, em 2005 e 2013, e ocorreu no 2\u00ba dia do conclave. Desta vez, havia a expectativa inicial de que o processo demorasse mais por conta do n\u00famero de cardeais votantes \u2014 133, contra 117 no conclave anterior.<\/p>\n<\/div>\n<\/div>\n<div id=\"chunk-8ur14\">\n<div class=\"mc-column content-text active-extra-styles \" data-block-type=\"unstyled\" data-block-weight=\"22\" data-block-id=\"14\">\n<p class=\" content-text__container \" data-track-category=\"Link no Texto\" data-track-links=\"\" data-mrf-recirculation=\"Mat\u00e9ria - Links no Texto\">A elei\u00e7\u00e3o do novo pont\u00edfice veio ap\u00f3s uma fuma\u00e7a preta ainda na manh\u00e3 desta quinta-feira e outra na rodada inicial, na quarta.<\/p>\n<\/div>\n<\/div>\n<div id=\"chunk-249i4\">\n<div class=\"content-ads content-ads--reveal\" data-block-type=\"ads\" data-block-id=\"15\"><\/div>\n<\/div>\n<div id=\"chunk-3p46p\">\n<div class=\"mc-column content-text active-extra-styles \" data-block-type=\"unstyled\" data-block-weight=\"46\" data-block-id=\"16\">\n<p class=\" content-text__container \" data-track-category=\"Link no Texto\" data-track-links=\"\" data-mrf-recirculation=\"Mat\u00e9ria - Links no Texto\">A escolha do novo papa ocorre tamb\u00e9m 17 dias ap\u00f3s a morte de papa Francisco, por conta de um por conta de um AVC e insufici\u00eancia card\u00edaca em sua resid\u00eancia no Vaticano. Embora tenham sido epis\u00f3dios inesperados, ocorreram em um momento de sa\u00fade fr\u00e1gil de Francisco.<\/p>\n<\/div>\n<\/div>\n<div id=\"chunk-fneud\">\n<div class=\"mc-column content-text active-extra-styles \" data-block-type=\"unstyled\" data-block-weight=\"36\" data-block-id=\"17\">\n<p class=\" content-text__container \" data-track-category=\"Link no Texto\" data-track-links=\"\" data-mrf-recirculation=\"Mat\u00e9ria - Links no Texto\">Em um papado de 12 anos, Francisco promoveu reformas hist\u00f3ricas e aproximou a Igreja de um catolicismo mais pr\u00f3ximo aos fi\u00e9is, que s\u00e3o mais de 1,3 bilh\u00e3o de pessoas pelo mundo mas que v\u00eam diminuindo gradualmente.<\/p>\n<\/div>\n<\/div>\n<div id=\"chunk-fe5lg\">\n<div class=\"mc-column content-text active-extra-styles \" data-block-type=\"unstyled\" data-block-weight=\"34\" data-block-id=\"18\">\n<p class=\" content-text__container \" data-track-category=\"Link no Texto\" data-track-links=\"\" data-mrf-recirculation=\"Mat\u00e9ria - Links no Texto\">A fuma\u00e7\u00e3o branca tamb\u00e9m encerra oficialmente o chamado per\u00edodo de S\u00e9 Vacante, em que o &#8220;trono&#8221; da Igreja Cat\u00f3lica fica sem um l\u00edder entre a morte de um pont\u00edfice e a elei\u00e7\u00e3o do sucessor.<\/p>\n<\/div>\n<\/div>\n<div id=\"chunk-cgrp9\">\n<div class=\"mc-column content-text active-extra-styles \" data-block-type=\"unstyled\" data-block-weight=\"26\" data-block-id=\"19\">\n<p class=\" content-text__container \" data-track-category=\"Link no Texto\" data-track-links=\"\" data-mrf-recirculation=\"Mat\u00e9ria - Links no Texto\">Agora, um novo papado se iniciar\u00e1 e indicar\u00e1 se o Vaticano tem a inten\u00e7\u00e3o de seguir, ao menos parcialmente, ou ainda avan\u00e7ar na agenda de Francisco.<\/p>\n<p data-track-category=\"Link no Texto\" data-track-links=\"\" data-mrf-recirculation=\"Mat\u00e9ria - Links no Texto\">\n<\/div>\n<\/div>\n<\/div>\n<\/div>\n<\/div>\n","protected":false},"excerpt":{"rendered":"<p>O cardeal americano Robert Francis Prevost, de 69 anos, \u00e9 o primeiro papa americano da hist\u00f3ria da igreja cat\u00f3lica e o primeiro vindo de um pa\u00eds de maioria protestante.\u00a0Ele foi escolhido no conclave encerrado nesta quinta-feira (8)\u00a0e escolheu\u00a0o nome Le\u00e3o XIV. O pont\u00edfice foi escolhido por pelo menos 89 dos 133 cardeais \u2013 dois ter\u00e7os &hellip;<\/p>\n","protected":false},"author":3,"featured_media":76921,"comment_status":"closed","ping_status":"open","sticky":false,"template":"","format":"standard","meta":{"_exactmetrics_skip_tracking":false,"_exactmetrics_sitenote_active":false,"_exactmetrics_sitenote_note":"","_exactmetrics_sitenote_category":0,"footnotes":""},"categories":[53,19,467],"tags":[],"_links":{"self":[{"href":"https:\/\/goiasemtempo.com.br\/home\/wp-json\/wp\/v2\/posts\/76920"}],"collection":[{"href":"https:\/\/goiasemtempo.com.br\/home\/wp-json\/wp\/v2\/posts"}],"about":[{"href":"https:\/\/goiasemtempo.com.br\/home\/wp-json\/wp\/v2\/types\/post"}],"author":[{"embeddable":true,"href":"https:\/\/goiasemtempo.com.br\/home\/wp-json\/wp\/v2\/users\/3"}],"replies":[{"embeddable":true,"href":"https:\/\/goiasemtempo.com.br\/home\/wp-json\/wp\/v2\/comments?post=76920"}],"version-history":[{"count":1,"href":"https:\/\/goiasemtempo.com.br\/home\/wp-json\/wp\/v2\/posts\/76920\/revisions"}],"predecessor-version":[{"id":76922,"href":"https:\/\/goiasemtempo.com.br\/home\/wp-json\/wp\/v2\/posts\/76920\/revisions\/76922"}],"wp:featuredmedia":[{"embeddable":true,"href":"https:\/\/goiasemtempo.com.br\/home\/wp-json\/wp\/v2\/media\/76921"}],"wp:attachment":[{"href":"https:\/\/goiasemtempo.com.br\/home\/wp-json\/wp\/v2\/media?parent=76920"}],"wp:term":[{"taxonomy":"category","embeddable":true,"href":"https:\/\/goiasemtempo.com.br\/home\/wp-json\/wp\/v2\/categories?post=76920"},{"taxonomy":"post_tag","embeddable":true,"href":"https:\/\/goiasemtempo.com.br\/home\/wp-json\/wp\/v2\/tags?post=76920"}],"curies":[{"name":"wp","href":"https:\/\/api.w.org\/{rel}","templated":true}]}}