{"id":76887,"date":"2025-05-08T14:39:42","date_gmt":"2025-05-08T14:39:42","guid":{"rendered":"https:\/\/goiasemtempo.com.br\/home\/?p=76887"},"modified":"2025-05-08T14:39:42","modified_gmt":"2025-05-08T14:39:42","slug":"marcos-freitas-e-natalia-freitas-anunciam-expansao-agressiva-da-seja-ap-e-miram-r-100-milhoes-em-faturamento-em-2025","status":"publish","type":"post","link":"https:\/\/goiasemtempo.com.br\/home\/marcos-freitas-e-natalia-freitas-anunciam-expansao-agressiva-da-seja-ap-e-miram-r-100-milhoes-em-faturamento-em-2025\/","title":{"rendered":"Marcos Freitas e Nat\u00e1lia Freitas anunciam expans\u00e3o agressiva da Seja AP e miram R$ 100 milh\u00f5es em faturamento em 2025"},"content":{"rendered":"<p>A Seja AP, empresa fundada por Marcos Freitas \u2014 hoje considerado o maior especialista em Evolu\u00e7\u00e3o Empresarial do Brasil \u2014 entra em um novo momento de crescimento agressivo. Ao lado de Nat\u00e1lia Freitas, sua s\u00f3cia e esposa, o empres\u00e1rio lan\u00e7ou um plano arrojado de expans\u00e3o com a meta de inaugurar 48 unidades em todo o pa\u00eds e alcan\u00e7ar a marca de 1.000 projetos de consultoria at\u00e9 2028.<\/p>\n<p>A nova fase j\u00e1 come\u00e7ou com a abertura da segunda unidade em Goi\u00e2nia, consolidando a presen\u00e7a da marca na regi\u00e3o Centro-Oeste. O movimento refor\u00e7a o posicionamento da Seja AP como a maior empresa de evolu\u00e7\u00e3o empresarial do Brasil, oferecendo solu\u00e7\u00f5es completas em treinamentos, consultorias e evolu\u00e7\u00e3o empresarial.<\/p>\n<p>\u201cNosso objetivo \u00e9 claro: ser a maior e mais transformadora empresa de consultoria e treinamentos empresariais do pa\u00eds. Queremos gerar resultados reais e palp\u00e1veis para empres\u00e1rios em todas as regi\u00f5es\u201d, afirma Marcos Freitas, que saiu de estoquista para se tornar refer\u00eancia nacional em performance empresarial.<\/p>\n<p>A expectativa \u00e9 que a expans\u00e3o renda \u00e0 Seja AP um faturamento superior a R$ 100 milh\u00f5es ainda em 2025.<\/p>\n<p><img decoding=\"async\" src=\"https:\/\/goiasemtempo.com.br\/home\/wp-content\/uploads\/2025\/05\/sejap-2.jpg\" \/><\/p>\n<p>&nbsp;<\/p>\n","protected":false},"excerpt":{"rendered":"<p>A Seja AP, empresa fundada por Marcos Freitas \u2014 hoje considerado o maior especialista em Evolu\u00e7\u00e3o Empresarial do Brasil \u2014 entra em um novo momento de crescimento agressivo. Ao lado de Nat\u00e1lia Freitas, sua s\u00f3cia e esposa, o empres\u00e1rio lan\u00e7ou um plano arrojado de expans\u00e3o com a meta de inaugurar 48 unidades em todo o &hellip;<\/p>\n","protected":false},"author":3,"featured_media":76889,"comment_status":"closed","ping_status":"open","sticky":false,"template":"","format":"standard","meta":{"_exactmetrics_skip_tracking":false,"_exactmetrics_sitenote_active":false,"_exactmetrics_sitenote_note":"","_exactmetrics_sitenote_category":0,"footnotes":""},"categories":[473],"tags":[],"_links":{"self":[{"href":"https:\/\/goiasemtempo.com.br\/home\/wp-json\/wp\/v2\/posts\/76887"}],"collection":[{"href":"https:\/\/goiasemtempo.com.br\/home\/wp-json\/wp\/v2\/posts"}],"about":[{"href":"https:\/\/goiasemtempo.com.br\/home\/wp-json\/wp\/v2\/types\/post"}],"author":[{"embeddable":true,"href":"https:\/\/goiasemtempo.com.br\/home\/wp-json\/wp\/v2\/users\/3"}],"replies":[{"embeddable":true,"href":"https:\/\/goiasemtempo.com.br\/home\/wp-json\/wp\/v2\/comments?post=76887"}],"version-history":[{"count":1,"href":"https:\/\/goiasemtempo.com.br\/home\/wp-json\/wp\/v2\/posts\/76887\/revisions"}],"predecessor-version":[{"id":76890,"href":"https:\/\/goiasemtempo.com.br\/home\/wp-json\/wp\/v2\/posts\/76887\/revisions\/76890"}],"wp:featuredmedia":[{"embeddable":true,"href":"https:\/\/goiasemtempo.com.br\/home\/wp-json\/wp\/v2\/media\/76889"}],"wp:attachment":[{"href":"https:\/\/goiasemtempo.com.br\/home\/wp-json\/wp\/v2\/media?parent=76887"}],"wp:term":[{"taxonomy":"category","embeddable":true,"href":"https:\/\/goiasemtempo.com.br\/home\/wp-json\/wp\/v2\/categories?post=76887"},{"taxonomy":"post_tag","embeddable":true,"href":"https:\/\/goiasemtempo.com.br\/home\/wp-json\/wp\/v2\/tags?post=76887"}],"curies":[{"name":"wp","href":"https:\/\/api.w.org\/{rel}","templated":true}]}}