{"id":76826,"date":"2025-05-06T12:26:30","date_gmt":"2025-05-06T12:26:30","guid":{"rendered":"https:\/\/goiasemtempo.com.br\/home\/?p=76826"},"modified":"2025-05-06T12:26:46","modified_gmt":"2025-05-06T12:26:46","slug":"prefeitura-de-goiania-celebra-dia-das-maes-com-show-gratuito-do-cantor-marcelo-barra","status":"publish","type":"post","link":"https:\/\/goiasemtempo.com.br\/home\/prefeitura-de-goiania-celebra-dia-das-maes-com-show-gratuito-do-cantor-marcelo-barra\/","title":{"rendered":"Prefeitura de Goi\u00e2nia celebra Dia das M\u00e3es com show gratuito do cantor Marcelo Barra"},"content":{"rendered":"<p>A Prefeitura de Goi\u00e2nia, por meio da Secretaria Municipal de Cultura (Secult), promove na pr\u00f3xima sexta-feira (9\/5), \u00e0s 19h, o \u201cM\u00fasica no Bosque\u201d, evento especial e gratuito em comemora\u00e7\u00e3o ao Dia das M\u00e3es, com show do cantor goiano Marcelo Barra.<\/p>\n<p>Al\u00e9m do show, o evento conta tamb\u00e9m com uma feirinha de artesanato com exposi\u00e7\u00e3o de artistas locais. \u201cUma noite de celebra\u00e7\u00e3o com m\u00fasica boa ao ar livre, pois \u00e9 uma data que merece as melhores e mais afetuosas express\u00f5es do amor. Est\u00e3o todos convidados para prestigiar e celebrar conosco\u201d, afirma o secret\u00e1rio de Cultura, Uugton Batista.<\/p>\n<p><strong>Sobre Marcelo Barra<\/strong><\/p>\n<p>Nascido em 1959, em Goi\u00e2nia, Marcelo Barra vem de fam\u00edlia musical, come\u00e7ando a tocar cavaquinho aos nove anos de idade e viol\u00e3o, aos doze. Em 1976, com apenas 16 anos, o artista venceu o festival escolar Comunicasom, interpretando a can\u00e7\u00e3o Araguaia, escrita pelo irm\u00e3o Rinaldo Barra. No ano seguinte, a cantora Faf\u00e1 de Bel\u00e9m gravou a composi\u00e7\u00e3o no disco \u00c1gua, tornando-a conhecida em todo o Brasil.<\/p>\n<p>Em 1981, Marcelo Barra lan\u00e7ou o disco de estreia, Coisas T\u00e3o Nossas, junto com o maestro e compositor Jos\u00e9 Eduardo Morais, repetindo a parceria dois anos depois, no LP Recado. Ainda na primeira metade da d\u00e9cada 1980, Marcelo Barra lan\u00e7ou dois compactos importantes. O primeiro com a sua grava\u00e7\u00e3o para a can\u00e7\u00e3o Araguaia e o segundo, com a m\u00fasica Cora Coralina, em homenagem \u00e0 famosa poetisa goiana, que ganhou at\u00e9 videoclipe no programa Fant\u00e1stico, em 1984.<\/p>\n<p>Com quase 50 anos de carreira, Marcelo Barra tem mais de 20 lan\u00e7amentos no curr\u00edculo, entre \u00e1lbuns cheios, compactos e at\u00e9 um DVD. Ganhador de diversos festivais de m\u00fasica, o artista j\u00e1 tocou em v\u00e1rios estados brasileiros, em pa\u00edses como Estados Unidos e Portugal e no territ\u00f3rio de Hong Kong, sempre falando em suas letras sobre as belezas naturais, o povo e a cultura goiana.<\/p>\n<p><strong>Servi\u00e7o<\/strong><br \/>\n<strong>Assunto:<\/strong>\u00a0Prefeitura de Goi\u00e2nia celebra Dia das M\u00e3es com show gratuito do cantor Marcelo Barra<br \/>\n<strong>Data:<\/strong>\u00a09 de maio<br \/>\n<strong>Hor\u00e1rio:<\/strong>\u00a019h<br \/>\n<strong>Local:\u00a0<\/strong>Bosque dos Buritis \u2013 Setor Oeste<\/p>\n","protected":false},"excerpt":{"rendered":"<p>A Prefeitura de Goi\u00e2nia, por meio da Secretaria Municipal de Cultura (Secult), promove na pr\u00f3xima sexta-feira (9\/5), \u00e0s 19h, o \u201cM\u00fasica no Bosque\u201d, evento especial e gratuito em comemora\u00e7\u00e3o ao Dia das M\u00e3es, com show do cantor goiano Marcelo Barra. Al\u00e9m do show, o evento conta tamb\u00e9m com uma feirinha de artesanato com exposi\u00e7\u00e3o de &hellip;<\/p>\n","protected":false},"author":3,"featured_media":76827,"comment_status":"closed","ping_status":"open","sticky":false,"template":"","format":"standard","meta":{"_exactmetrics_skip_tracking":false,"_exactmetrics_sitenote_active":false,"_exactmetrics_sitenote_note":"","_exactmetrics_sitenote_category":0,"footnotes":""},"categories":[50,500,66],"tags":[],"_links":{"self":[{"href":"https:\/\/goiasemtempo.com.br\/home\/wp-json\/wp\/v2\/posts\/76826"}],"collection":[{"href":"https:\/\/goiasemtempo.com.br\/home\/wp-json\/wp\/v2\/posts"}],"about":[{"href":"https:\/\/goiasemtempo.com.br\/home\/wp-json\/wp\/v2\/types\/post"}],"author":[{"embeddable":true,"href":"https:\/\/goiasemtempo.com.br\/home\/wp-json\/wp\/v2\/users\/3"}],"replies":[{"embeddable":true,"href":"https:\/\/goiasemtempo.com.br\/home\/wp-json\/wp\/v2\/comments?post=76826"}],"version-history":[{"count":1,"href":"https:\/\/goiasemtempo.com.br\/home\/wp-json\/wp\/v2\/posts\/76826\/revisions"}],"predecessor-version":[{"id":76828,"href":"https:\/\/goiasemtempo.com.br\/home\/wp-json\/wp\/v2\/posts\/76826\/revisions\/76828"}],"wp:featuredmedia":[{"embeddable":true,"href":"https:\/\/goiasemtempo.com.br\/home\/wp-json\/wp\/v2\/media\/76827"}],"wp:attachment":[{"href":"https:\/\/goiasemtempo.com.br\/home\/wp-json\/wp\/v2\/media?parent=76826"}],"wp:term":[{"taxonomy":"category","embeddable":true,"href":"https:\/\/goiasemtempo.com.br\/home\/wp-json\/wp\/v2\/categories?post=76826"},{"taxonomy":"post_tag","embeddable":true,"href":"https:\/\/goiasemtempo.com.br\/home\/wp-json\/wp\/v2\/tags?post=76826"}],"curies":[{"name":"wp","href":"https:\/\/api.w.org\/{rel}","templated":true}]}}