{"id":76776,"date":"2025-05-05T14:28:26","date_gmt":"2025-05-05T14:28:26","guid":{"rendered":"https:\/\/goiasemtempo.com.br\/home\/?p=76776"},"modified":"2025-05-05T14:28:26","modified_gmt":"2025-05-05T14:28:26","slug":"lula-sanciona-lei-que-torna-permanente-a-politica-nacional-aldir-blanc","status":"publish","type":"post","link":"https:\/\/goiasemtempo.com.br\/home\/lula-sanciona-lei-que-torna-permanente-a-politica-nacional-aldir-blanc\/","title":{"rendered":"Lula sanciona lei que torna permanente a Pol\u00edtica Nacional Aldir Blanc"},"content":{"rendered":"<p>O presidente Luiz In\u00e1cio Lula da Silva sancionou, nesta sexta-feira (2), o\u00a0<a href=\"https:\/\/www.in.gov.br\/web\/dou\/-\/lei-n-15.132-de-30-de-abril-de-2025-626985094\" target=\"_blank\" rel=\"noopener\">projeto de lei 363\/2025<\/a>, que torna a Pol\u00edtica Nacional Aldir Blanc (PNAB) permanente. O texto, publicado em edi\u00e7\u00e3o extra do Di\u00e1rio Oficial da Uni\u00e3o,\u00a0<strong>permite um tempo maior para a aplica\u00e7\u00e3o dos repasses de R$ 15 bilh\u00f5es previstos a estados e munic\u00edpios em projetos culturais e prorroga at\u00e9 2029 o prazo para uso de benef\u00edcios fiscais do Regime Especial de Tributa\u00e7\u00e3o para Desenvolvimento da Atividade de Exibi\u00e7\u00e3o Cinematogr\u00e1fica (Recine).<\/strong><img decoding=\"async\" src=\"https:\/\/agenciabrasil.ebc.com.br\/ebc.png?id=1641373&amp;o=node\" \/><img decoding=\"async\" src=\"https:\/\/agenciabrasil.ebc.com.br\/ebc.gif?id=1641373&amp;o=node\" \/><\/p>\n<p>O projeto de lei foi aprovado na \u00faltima quarta-feira (30) pelo Senado Federal, depois de passar pela C\u00e2mara dos Deputados.\u00a0<strong>A norma repete o tema de duas medidas provis\u00f3rias: a MP 1.274\/2024, que trata da PNAB, e a MP 1.280\/2024, que trata Recine<\/strong>. Os prazos de vig\u00eancia das medidas terminariam nos dias 1\u00b0 de maio e 2 de junho, respectivamente. O relator foi o senador Randolfe Rodrigues (PT-AP).<\/p>\n<p>A lei sancionada refor\u00e7a o percentual de execu\u00e7\u00e3o dos projetos para que os entes federados possam ter acesso a novas verbas. D<strong>esde o fim de 2023, esse percentual era de 60% para todos os munic\u00edpios. Pelo novo texto, locais de at\u00e9 500 mil habitantes precisar\u00e3o executar, no m\u00ednimo, metade dos recursos repassados pela Uni\u00e3o para ter acesso a mais. Os demais munic\u00edpios, estados e Distrito Federal continuam com 60% de execu\u00e7\u00e3o m\u00ednima exigida.<\/strong><\/p>\n<p>O texto tamb\u00e9m permite que os R$ 15 bilh\u00f5es sejam repassados em um per\u00edodo maior que o atual, de cinco anos. Originalmente, seriam de R$ 3 bilh\u00f5es ao ano por cinco exerc\u00edcios (2023 a 2027). Com a mudan\u00e7a, o prazo pode ser alongado, conforme a execu\u00e7\u00e3o dos projetos pelos entes federativos.\u00a0<strong>Ap\u00f3s o fim dos R$ 15 bilh\u00f5es previstos originalmente, a pol\u00edtica passa a ser financiada por recursos definidos em cada lei or\u00e7ament\u00e1ria.<\/strong>\u00a0Com isso, a pol\u00edtica se torna permanente, ou seja, de Estado.<\/p>\n<h2>Recine<\/h2>\n<p><strong>A lei sancionada ainda incorporou o prazo para uso de benef\u00edcios fiscais do Regime Especial de Tributa\u00e7\u00e3o para Desenvolvimento da Atividade de Exibi\u00e7\u00e3o Cinematogr\u00e1fica (Recine), agora at\u00e9 31 de dezembro de 2029.<\/strong><\/p>\n<p>O Recine permite desonera\u00e7\u00e3o de tributos federais sobre compras voltadas \u00e0 implanta\u00e7\u00e3o ou moderniza\u00e7\u00e3o de salas de cinema, principalmente em cidades menores ou do interior. Antes, o prazo terminaria no fim de 2024. A Ag\u00eancia Nacional do Cinema (Ancine) pode estabelecer metas e objetivos dos benef\u00edcios fiscais, e estabelecer indicadores para acompanhamento.<\/p>\n","protected":false},"excerpt":{"rendered":"<p>O presidente Luiz In\u00e1cio Lula da Silva sancionou, nesta sexta-feira (2), o\u00a0projeto de lei 363\/2025, que torna a Pol\u00edtica Nacional Aldir Blanc (PNAB) permanente. O texto, publicado em edi\u00e7\u00e3o extra do Di\u00e1rio Oficial da Uni\u00e3o,\u00a0permite um tempo maior para a aplica\u00e7\u00e3o dos repasses de R$ 15 bilh\u00f5es previstos a estados e munic\u00edpios em projetos culturais &hellip;<\/p>\n","protected":false},"author":3,"featured_media":76777,"comment_status":"closed","ping_status":"open","sticky":false,"template":"","format":"standard","meta":{"_exactmetrics_skip_tracking":false,"_exactmetrics_sitenote_active":false,"_exactmetrics_sitenote_note":"","_exactmetrics_sitenote_category":0,"footnotes":""},"categories":[32],"tags":[],"_links":{"self":[{"href":"https:\/\/goiasemtempo.com.br\/home\/wp-json\/wp\/v2\/posts\/76776"}],"collection":[{"href":"https:\/\/goiasemtempo.com.br\/home\/wp-json\/wp\/v2\/posts"}],"about":[{"href":"https:\/\/goiasemtempo.com.br\/home\/wp-json\/wp\/v2\/types\/post"}],"author":[{"embeddable":true,"href":"https:\/\/goiasemtempo.com.br\/home\/wp-json\/wp\/v2\/users\/3"}],"replies":[{"embeddable":true,"href":"https:\/\/goiasemtempo.com.br\/home\/wp-json\/wp\/v2\/comments?post=76776"}],"version-history":[{"count":1,"href":"https:\/\/goiasemtempo.com.br\/home\/wp-json\/wp\/v2\/posts\/76776\/revisions"}],"predecessor-version":[{"id":76778,"href":"https:\/\/goiasemtempo.com.br\/home\/wp-json\/wp\/v2\/posts\/76776\/revisions\/76778"}],"wp:featuredmedia":[{"embeddable":true,"href":"https:\/\/goiasemtempo.com.br\/home\/wp-json\/wp\/v2\/media\/76777"}],"wp:attachment":[{"href":"https:\/\/goiasemtempo.com.br\/home\/wp-json\/wp\/v2\/media?parent=76776"}],"wp:term":[{"taxonomy":"category","embeddable":true,"href":"https:\/\/goiasemtempo.com.br\/home\/wp-json\/wp\/v2\/categories?post=76776"},{"taxonomy":"post_tag","embeddable":true,"href":"https:\/\/goiasemtempo.com.br\/home\/wp-json\/wp\/v2\/tags?post=76776"}],"curies":[{"name":"wp","href":"https:\/\/api.w.org\/{rel}","templated":true}]}}