{"id":76757,"date":"2025-05-03T18:20:24","date_gmt":"2025-05-03T18:20:24","guid":{"rendered":"https:\/\/goiasemtempo.com.br\/home\/?p=76757"},"modified":"2025-05-03T18:20:24","modified_gmt":"2025-05-03T18:20:24","slug":"fas-de-lady-gaga-acampam-nas-areias-de-copacabana-no-rio-para-ver-show","status":"publish","type":"post","link":"https:\/\/goiasemtempo.com.br\/home\/fas-de-lady-gaga-acampam-nas-areias-de-copacabana-no-rio-para-ver-show\/","title":{"rendered":"F\u00e3s de Lady Gaga acampam nas areias de Copacabana no Rio para ver show"},"content":{"rendered":"<p><strong>F\u00e3s de Lady Gaga se preparam para passar o dia nas areias de Copacabana<\/strong>\u00a0para garantir um lugar pr\u00f3ximo ao palco e ver a \u00eddola de perto. O dia mal amanheceu e as filas para passar nos pontos de revista que d\u00e3o acesso \u00e0 praia j\u00e1 come\u00e7avam a se formar e, por volta das 10h deste s\u00e1bado (3), j\u00e1 se estendiam por mais de dois quarteir\u00f5es.<img decoding=\"async\" src=\"https:\/\/agenciabrasil.ebc.com.br\/ebc.png?id=1641408&amp;o=node\" \/><img decoding=\"async\" src=\"https:\/\/agenciabrasil.ebc.com.br\/ebc.gif?id=1641408&amp;o=node\" \/><\/p>\n<p>A\u00a0<strong>faixa de areia\u00a0<\/strong>em frente ao palco de 2,2 metros de altura\u00a0<strong>foi tomada por cangas, guarda-s\u00f3is, bolsas com \u00e1gua, filtro solar, sandu\u00edches<\/strong>. Os Little Monsters (monstrinhos, em portugu\u00eas, apelido carinhoso dado pela cantora aos f\u00e3s)\u00a0<strong>est\u00e3o preparados para enfrentar o sol at\u00e9 o hor\u00e1rio do show, marcado para as 21h45<\/strong>.<\/p>\n<p>Para Taise Godinho, 30 anos, cada segundo de espera vale a pena. Ela mora em San Jos\u00e9, nos Estados Unidos, e estendeu a viagem ao Brasil para ver o show da cantora.<\/p>\n<p>\u201cEla marcou muito a minha adolesc\u00eancia, sabe? A gente, como crian\u00e7a esquisita, se v\u00ea muito na Mama Monster. Ela era uma em meio a v\u00e1rias divas pops que s\u00e3o muito dentro do padr\u00e3o. Ela sai fora do padr\u00e3o e faz coisas que outras artistas n\u00e3o fazem\u201d, diz.<\/p>\n<p>Essa n\u00e3o \u00e9 a primeira vez que ela e os amigos acampam para ver os \u00eddolos. Isso aconteceu tamb\u00e9m em 2009, em Florian\u00f3polis, na primeira vinda de\u00a0Beyonc\u00e9 ao Brasil. O grupo j\u00e1 \u00e9 experiente. \u201cTem \u00e1gua, tem bala, tem barra de cereal, tem de tudo aqui. Gatorade para hidratar bastante, protetor solar, um lencinho para as m\u00e3os, tem de tudo. E um energ\u00e9tico para tomar logo antes do show\u201d, contam.<\/p>\n<div class=\"dnd-widget-wrapper context-medio_4colunas type-image atom-align-left\">\n<div class=\"dnd-atom-rendered\"><img decoding=\"async\" title=\"Tomaz Silva\/Ag\u00eancia Brasil\" src=\"https:\/\/imagens.ebc.com.br\/R8HjUD0LYOCD2WNHLTj2a9c-dt0=\/365x0\/smart\/https:\/\/agenciabrasil.ebc.com.br\/sites\/default\/files\/thumbnails\/image\/2025\/05\/03\/toms8743.jpg?itok=SFz1qeVG\" alt=\"Rio de Janeiro (RJ), 03\/05\/2025 \u2013 Os amigos Denner Santoro e Kaique Santos esperam pelo show da Lady Gaga na areia da praia de Copacabana, na zona sul do Rio de Janeiro. Foto: Tomaz Silva\/Ag\u00eancia Brasil\" \/><\/div>\n<div class=\"dnd-caption-wrapper\">\n<h6 class=\"meta\">Rio de Janeiro (RJ), 03\/05\/2025 \u2013 Denner Santoro e Kaique Santos viajaram do interior de SP para ver show. Foto:<strong>\u00a0Tomaz Silva\/Ag\u00eancia Brasil<\/strong><\/h6>\n<p>&nbsp;<\/p>\n<\/div>\n<\/div>\n<p>Denner Santoro, 25 anos, e Kaique Santos, 24 anos, viajaram de Santo Andr\u00e9 (SP) para assistir ao show.<\/p>\n<p>\u201cEla fala muito sobre liberdade, sobre expressar a liberdade sem ter medo. Isso \u00e9 uma das coisas que eu mais gosto dela, porque, como d\u00e1 para perceber, eu sou uma pessoa bem diferente. E se algu\u00e9m mostra para mim que ser diferente \u00e9 legal, \u00e9 bom, ent\u00e3o, para mim ela representa muita coisa\u201d, diz Denner.<\/p>\n<p>Para ele, uma das m\u00fasicas mais marcantes \u00e9\u00a0<em>Marry the Night<\/em>, de 2011. Em um trecho, a letra diz\u00a0<em>\u201cI&#8217;m gonna marry the night. I&#8217;m not gonna cry anymore\u201d<\/em>\u00a0(<em>e<\/em>m portugu\u00eas, \u201cEu vou casar com a noite. Eu n\u00e3o vou chorar mais\u201d).<\/p>\n<p>Para muitas pessoas que n\u00e3o seguem os padr\u00f5es dominantes na sociedade, \u00e9 na noite e nas festas que se pode ser quem s\u00e3o. \u201cIsso tem um sentido muito, muito, muito forte para mim. \u00c9 a m\u00fasica que mais me pega, que eu n\u00e3o consigo escutar sem chorar\u201d, diz.<\/p>\n<div class=\"dnd-widget-wrapper context-medio_4colunas type-image atom-align-right\">\n<div class=\"dnd-atom-rendered\"><img decoding=\"async\" title=\"Tomaz Silva\/Ag\u00eancia Brasil\" src=\"https:\/\/imagens.ebc.com.br\/nlzRspBLaw_Hq6xiydr_TKa7lE4=\/365x0\/smart\/https:\/\/agenciabrasil.ebc.com.br\/sites\/default\/files\/thumbnails\/image\/2025\/05\/03\/toms8877.jpg?itok=Nlfkd-uo\" alt=\"Rio de Janeiro (RJ), 03\/05\/2025 \u2013 F\u00e3 da Lady Gaga, Amanda Campos espera pelo show na cal\u00e7ada do Hotel Copacabana Palace, na zona sul do Rio de Janeiro. Foto: Tomaz Silva\/Ag\u00eancia Brasil\" \/><\/div>\n<div class=\"dnd-caption-wrapper\">\n<h6 class=\"meta\">Rio de Janeiro (RJ), 03\/05\/2025 \u2013 F\u00e3 da Lady Gaga, Amanda Campos acompanhou ensaio da cantora.\u00a0<strong>Foto: Tomaz Silva\/Ag\u00eancia Brasil<\/strong><\/h6>\n<\/div>\n<\/div>\n<p>Independentemente de como ser\u00e1 o show desta noite, Amanda Campos, 27 anos, que fez anivers\u00e1rio nessa sexta-feira (2), diz que j\u00e1 ganhou \u201co melhor presente poss\u00edvel\u201d, que foi assistir ao ensaio da cantora, em pleno anivers\u00e1rio.<\/p>\n<p>Amanda, que mora no Rio, passou a semana indo ao Copacabana Palace, onde a cantora est\u00e1 hospedada para tentar v\u00ea-la. No s\u00e1bado, ela foi recompensada, assistiu de perto o ensaio.<\/p>\n<p>\u201cDo nada ela apareceu, eu surtei, eu estava t\u00e3o pertinho, ela ainda chegou a ir na grade, bem onde a gente estava\u201d, conta emocionada.<\/p>\n<p>\u201cA gente estava esperando ela ao longo da semana e ela n\u00e3o apareceu. Ontem ela entregou tudo, calou a boca de qualquer um que poderia estar falando mal dela\u201d.<\/p>\n<h2>Acessibilidade<\/h2>\n<p>Chegar cedo \u00e9 uma necessidade para Gabriel Campos, 31 anos. Como\u00a0<strong>pessoa com defici\u00eancia visual, ele enfrenta uma fila para ter acesso ao espa\u00e7o reservado pr\u00f3ximo ao palco<\/strong>.<\/p>\n<p>\u201cEu cheguei aqui \u00e0s 8 horas da manh\u00e3 de hoje, mas j\u00e1 estava lotado e a gente n\u00e3o sabe, inclusive por conta da falta de organiza\u00e7\u00e3o, quem \u00e9 PCD e quem s\u00f3 simplesmente quer uma \u00e1rea mais privilegiada\u201d, diz.<\/p>\n<p>\u201cPor conta de falta de informa\u00e7\u00e3o e de divulga\u00e7\u00e3o, muitas pessoas s\u00f3 souberam a respeito da \u00e1rea PCD essa semana\u201d.<\/p>\n<p>Ele espera conseguir um espa\u00e7o para acompanhar o show em seguran\u00e7a. \u201cEla \u00e9 minha favorita. Eu acompanho a carreira dela a vida inteira. O show do Rock in Rio que foi cancelado.\u00a0Infelizmente, eu estava com os ingressos comprados e agora eu estou aqui. \u00c9 muita expectativa para que eu consiga entrar na \u00e1rea PCD\u201d, diz Gabriel.<\/p>\n<p>Esta semana, o Minist\u00e9rio P\u00fablico do Estado do Rio de Janeiro (MPRJ) chegou a emitir uma recomenda\u00e7\u00e3o \u00e0 Prefeitura do Rio de Janeiro, \u00e0 Riotur e \u00e0 produtora Bonus Track Entretenimento para que adotassem\u00a0<strong>medidas imediatas de acessibilidade no show da cantora Lady Gaga<\/strong>.<\/p>\n<p>Segundo o MPRJ, a recomenda\u00e7\u00e3o foi motivada por informa\u00e7\u00f5es que indicam a aus\u00eancia de condi\u00e7\u00f5es adequadas para garantir o acesso pleno de pessoas com defici\u00eancia ao evento. Os\u00a0<strong>espa\u00e7os estavam sem rotas acess\u00edveis, sinaliza\u00e7\u00e3o adequada ou recursos de tecnologia assistiva, como audiodescri\u00e7\u00e3o e int\u00e9rpretes de L\u00edngua Brasileira de Sinais (Libras)<\/strong>.<\/p>\n<p>De acordo com a Riotur, s\u00e3o\u00a0<strong>disponibilizados dois espa\u00e7os, um para 70 pessoas no setor A e outro para 80 pessoas no setor B<\/strong>. A\u00a0<strong>ocupa\u00e7\u00e3o \u00e9 por ordem de chegada<\/strong>.<\/p>\n<h2>Expectativa de p\u00fablico<\/h2>\n<p>S\u00e3o<a href=\"https:\/\/agenciabrasil.ebc.com.br\/geral\/noticia\/2025-05\/expectativa-de-turistas-dobra-para-feriadao-e-show-da-lady-gaga-no-rio\" target=\"_blank\" rel=\"noopener\">\u00a0esperadas mais de 1,6 milh\u00e3o de pessoas na Praia de Copacabana<\/a>, onde foi montado o palco e\u00a0<strong>instaladas 16 torres com tel\u00f5es de 9 metros de altura por 5 metros de largura<\/strong>, permitindo que o p\u00fablico acompanhe a apresenta\u00e7\u00e3o \u00e0 dist\u00e2ncia.<\/p>\n<p>Desde as 7h deste s\u00e1bado (3), a<strong>\u00a0Avenida Atl\u00e2ntica est\u00e1 totalmente interditada, com bloqueio para ve\u00edculos em toda a via<\/strong>, incluindo a pista junto aos pr\u00e9dios e as ruas de acesso \u00e0 orla.<\/p>\n<p>A partir das 18h,\u00a0<a href=\"https:\/\/agenciabrasil.ebc.com.br\/geral\/noticia\/2025-05\/bloqueio-de-ruas-para-show-de-lady-gaga-comeca-meia-noite\" target=\"_blank\" rel=\"noopener\">come\u00e7a o bloqueio ao acesso de ve\u00edculos particulares \u00e0 Copacabana<\/a>, sendo permitida apenas a entrada de \u00f4nibus e t\u00e1xis.\u00a0<strong>Ap\u00f3s as 19h30, os \u00f4nibus e t\u00e1xis tamb\u00e9m n\u00e3o poder\u00e3o entrar no bairro<\/strong>.<\/p>\n<p>Segundo a Secretaria Municipal de Desenvolvimento Econ\u00f4mico (SMDE) e a Riotur, o\u00a0<strong>evento deve injetar mais de R$ 600 milh\u00f5es na economia carioca<\/strong>.<\/p>\n<p>O\u00a0<strong>show come\u00e7a \u00e0s 17h30, com a apresenta\u00e7\u00e3o de DJs, e a cantora americana deve entrar no palco \u00e0s 21h45<\/strong>.<\/p>\n<div class=\"noticias-relacionadas rel-position rowflex\">\n<div class=\"title abs-position\">Com <em>Ag\u00eancia Brasil<\/em> &#8211; Ed\u00e7\u00e3o <em>Goi\u00e1s Em Tempo<\/em><\/div>\n<div class=\"capa-noticia-relacionada\"><\/div>\n<\/div>\n","protected":false},"excerpt":{"rendered":"<p>F\u00e3s de Lady Gaga se preparam para passar o dia nas areias de Copacabana\u00a0para garantir um lugar pr\u00f3ximo ao palco e ver a \u00eddola de perto. O dia mal amanheceu e as filas para passar nos pontos de revista que d\u00e3o acesso \u00e0 praia j\u00e1 come\u00e7avam a se formar e, por volta das 10h deste &hellip;<\/p>\n","protected":false},"author":3,"featured_media":76758,"comment_status":"closed","ping_status":"open","sticky":false,"template":"","format":"standard","meta":{"_exactmetrics_skip_tracking":false,"_exactmetrics_sitenote_active":false,"_exactmetrics_sitenote_note":"","_exactmetrics_sitenote_category":0,"footnotes":""},"categories":[472,66],"tags":[],"_links":{"self":[{"href":"https:\/\/goiasemtempo.com.br\/home\/wp-json\/wp\/v2\/posts\/76757"}],"collection":[{"href":"https:\/\/goiasemtempo.com.br\/home\/wp-json\/wp\/v2\/posts"}],"about":[{"href":"https:\/\/goiasemtempo.com.br\/home\/wp-json\/wp\/v2\/types\/post"}],"author":[{"embeddable":true,"href":"https:\/\/goiasemtempo.com.br\/home\/wp-json\/wp\/v2\/users\/3"}],"replies":[{"embeddable":true,"href":"https:\/\/goiasemtempo.com.br\/home\/wp-json\/wp\/v2\/comments?post=76757"}],"version-history":[{"count":1,"href":"https:\/\/goiasemtempo.com.br\/home\/wp-json\/wp\/v2\/posts\/76757\/revisions"}],"predecessor-version":[{"id":76759,"href":"https:\/\/goiasemtempo.com.br\/home\/wp-json\/wp\/v2\/posts\/76757\/revisions\/76759"}],"wp:featuredmedia":[{"embeddable":true,"href":"https:\/\/goiasemtempo.com.br\/home\/wp-json\/wp\/v2\/media\/76758"}],"wp:attachment":[{"href":"https:\/\/goiasemtempo.com.br\/home\/wp-json\/wp\/v2\/media?parent=76757"}],"wp:term":[{"taxonomy":"category","embeddable":true,"href":"https:\/\/goiasemtempo.com.br\/home\/wp-json\/wp\/v2\/categories?post=76757"},{"taxonomy":"post_tag","embeddable":true,"href":"https:\/\/goiasemtempo.com.br\/home\/wp-json\/wp\/v2\/tags?post=76757"}],"curies":[{"name":"wp","href":"https:\/\/api.w.org\/{rel}","templated":true}]}}