{"id":76730,"date":"2025-05-02T20:18:30","date_gmt":"2025-05-02T20:18:30","guid":{"rendered":"https:\/\/goiasemtempo.com.br\/home\/?p=76730"},"modified":"2025-05-02T20:18:30","modified_gmt":"2025-05-02T20:18:30","slug":"anapolis-inscricoes-para-bolsa-cultura-2025-estao-abertas-e-beneficiara-artistas-com-auxilio-de-r-600","status":"publish","type":"post","link":"https:\/\/goiasemtempo.com.br\/home\/anapolis-inscricoes-para-bolsa-cultura-2025-estao-abertas-e-beneficiara-artistas-com-auxilio-de-r-600\/","title":{"rendered":"An\u00e1polis: Inscri\u00e7\u00f5es para Bolsa Cultura 2025 est\u00e3o abertas, e beneficiar\u00e1 artistas com aux\u00edlio de R$ 600"},"content":{"rendered":"<p>Artistas, dan\u00e7arinos e m\u00fasicos de An\u00e1polis podem se inscrever at\u00e9 a pr\u00f3xima quarta-feira (07) para participar do programa Bolsa Cultura. O benef\u00edcio faz parte dos investimentos da Prefeitura de An\u00e1polis, por meio da Secretaria de Assist\u00eancia Social.<\/p>\n<p>Os interessados em participar da sele\u00e7\u00e3o devem preencher o formul\u00e1rio online dispon\u00edvel no site da Prefeitura, informando dados pessoais e informa\u00e7\u00f5es relacionadas \u00e0 experi\u00eancia de carreira. Posteriormente, todos participar\u00e3o de audi\u00e7\u00f5es presenciais.<\/p>\n<p>Os artistas selecionados para a Bolsa Cultura receber\u00e3o mensalmente R$ 600,00 (seiscentos reais). O valor auxiliar\u00e1 nas despesas relacionadas \u00e0s atividades culturais.<\/p>\n<p>Segundo a Diretoria de Cultura, as audi\u00e7\u00f5es t\u00eam como objetivo beneficiar integrantes do Corpo de Baile de An\u00e1polis, da Orquestra Jovem de An\u00e1polis, do Coro Sinf\u00f4nico de An\u00e1polis, da Orquestra de Violeiros de An\u00e1polis e da Companhia Anapolina de Teatro (CAT).<\/p>\n<p><strong>Saiba mais sobre as audi\u00e7\u00f5es<\/strong><br \/>\nAs bancas examinadoras ser\u00e3o compostas por profissionais da \u00e1rea cultural, que avaliar\u00e3o o desempenho dos candidatos durante as seletivas.<\/p>\n<p>A audi\u00e7\u00e3o para dan\u00e7arinos com conhecimento de n\u00edvel intermedi\u00e1rio e avan\u00e7ado em ballet cl\u00e1ssico, interessados em integrar o Corpo de Baile, ser\u00e1 realizada no dia 9 de maio, das 18h30 \u00e0s 20h30, na Escola de Dan\u00e7a de An\u00e1polis, localizada no Centro.<\/p>\n<p>M\u00fasicos com conhecimento de n\u00edvel intermedi\u00e1rio e avan\u00e7ado poder\u00e3o participar da audi\u00e7\u00e3o da Orquestra Jovem de An\u00e1polis no dia 12 de maio, das 19h \u00e0s 22h, no Audit\u00f3rio do Parque Ipiranga. No mesmo local, o Coro Sinf\u00f4nico de An\u00e1polis realizar\u00e1 sua seletiva no dia 13 de maio, tamb\u00e9m das 19h \u00e0s 22h.<\/p>\n<p>Os interessados em integrar a Orquestra de Violeiros de An\u00e1polis poder\u00e3o participar da audi\u00e7\u00e3o no dia 14 de maio, das 18h30 \u00e0s 21h, no Audit\u00f3rio da Escola de M\u00fasica Ant\u00f4nio Branco.<\/p>\n<p>Candidatos \u00e0 Companhia Anapolina de Teatro (CAT), com conhecimento de n\u00edvel intermedi\u00e1rio ou avan\u00e7ado em teatro, participar\u00e3o da seletiva no dia 16 de maio, das 9h \u00e0s 12h, no Teatro Municipal de An\u00e1polis.<\/p>\n<p><strong>Formul\u00e1rios de Inscri\u00e7\u00e3o:<\/strong><\/p>\n<p><a href=\"https:\/\/www.anapolis.go.gov.br\/wp-content\/uploads\/2025\/04\/ANEXO-01-BOLSA-CULTURA-COMPANHIA-ANAPOLINA-DE-TEATRO.pdf\" data-type=\"URL\" data-id=\"https:\/\/www.anapolis.go.gov.br\/wp-content\/uploads\/2025\/04\/ANEXO-01-BOLSA-CULTURA-COMPANHIA-ANAPOLINA-DE-TEATRO.pdf\">Bolsa Cultura \u2013 Companhia Anapolina de Teatro<\/a><\/p>\n<p><a href=\"https:\/\/www.anapolis.go.gov.br\/wp-content\/uploads\/2025\/04\/ANEXO-02-BOLSA-CULTURA-CORPO-DE-BAILE-DE-ANAPOLIS.pdf\" data-type=\"URL\" data-id=\"https:\/\/www.anapolis.go.gov.br\/wp-content\/uploads\/2025\/04\/ANEXO-02-BOLSA-CULTURA-CORPO-DE-BAILE-DE-ANAPOLIS.pdf\">Bolsa Cultura \u2013 Corpo de Baile de An\u00e1polis<\/a><\/p>\n<p><a href=\"https:\/\/www.anapolis.go.gov.br\/wp-content\/uploads\/2025\/04\/ANEXO-03-BOLSA-CULTURA-ORQUESTRA-JOVEM-DE-ANAPOLIS.pdf\" data-type=\"URL\" data-id=\"https:\/\/www.anapolis.go.gov.br\/wp-content\/uploads\/2025\/04\/ANEXO-03-BOLSA-CULTURA-ORQUESTRA-JOVEM-DE-ANAPOLIS.pdf\">Bolsa Cultura \u2013 Orquestra Jovem de An\u00e1polis<\/a><\/p>\n<p><a href=\"https:\/\/www.anapolis.go.gov.br\/wp-content\/uploads\/2025\/04\/ANEXO-04-BOLSA-CULTURA-ORQUESTRA-DE-VIOLEIROS-DE-ANAPOLIS.pdf\" data-type=\"URL\" data-id=\"https:\/\/www.anapolis.go.gov.br\/wp-content\/uploads\/2025\/04\/ANEXO-04-BOLSA-CULTURA-ORQUESTRA-DE-VIOLEIROS-DE-ANAPOLIS.pdf\">Bolsa Cultura \u2013 Orquestra de Violeiro de An\u00e1polis<\/a><\/p>\n<p><a href=\"https:\/\/www.anapolis.go.gov.br\/wp-content\/uploads\/2025\/04\/ANEXO-05-BOLSA-CULTURA-CORO-SINFONICO-DE-ANAPOLIS.pdf\" data-type=\"URL\" data-id=\"https:\/\/www.anapolis.go.gov.br\/wp-content\/uploads\/2025\/04\/ANEXO-05-BOLSA-CULTURA-CORO-SINFONICO-DE-ANAPOLIS.pdf\">Bolsa Cultura \u2013 Coro Sinf\u00f4nico de An\u00e1polis<\/a><\/p>\n","protected":false},"excerpt":{"rendered":"<p>Artistas, dan\u00e7arinos e m\u00fasicos de An\u00e1polis podem se inscrever at\u00e9 a pr\u00f3xima quarta-feira (07) para participar do programa Bolsa Cultura. O benef\u00edcio faz parte dos investimentos da Prefeitura de An\u00e1polis, por meio da Secretaria de Assist\u00eancia Social. Os interessados em participar da sele\u00e7\u00e3o devem preencher o formul\u00e1rio online dispon\u00edvel no site da Prefeitura, informando dados &hellip;<\/p>\n","protected":false},"author":3,"featured_media":76731,"comment_status":"closed","ping_status":"open","sticky":false,"template":"","format":"standard","meta":{"_exactmetrics_skip_tracking":false,"_exactmetrics_sitenote_active":false,"_exactmetrics_sitenote_note":"","_exactmetrics_sitenote_category":0,"footnotes":""},"categories":[18,32],"tags":[],"_links":{"self":[{"href":"https:\/\/goiasemtempo.com.br\/home\/wp-json\/wp\/v2\/posts\/76730"}],"collection":[{"href":"https:\/\/goiasemtempo.com.br\/home\/wp-json\/wp\/v2\/posts"}],"about":[{"href":"https:\/\/goiasemtempo.com.br\/home\/wp-json\/wp\/v2\/types\/post"}],"author":[{"embeddable":true,"href":"https:\/\/goiasemtempo.com.br\/home\/wp-json\/wp\/v2\/users\/3"}],"replies":[{"embeddable":true,"href":"https:\/\/goiasemtempo.com.br\/home\/wp-json\/wp\/v2\/comments?post=76730"}],"version-history":[{"count":1,"href":"https:\/\/goiasemtempo.com.br\/home\/wp-json\/wp\/v2\/posts\/76730\/revisions"}],"predecessor-version":[{"id":76732,"href":"https:\/\/goiasemtempo.com.br\/home\/wp-json\/wp\/v2\/posts\/76730\/revisions\/76732"}],"wp:featuredmedia":[{"embeddable":true,"href":"https:\/\/goiasemtempo.com.br\/home\/wp-json\/wp\/v2\/media\/76731"}],"wp:attachment":[{"href":"https:\/\/goiasemtempo.com.br\/home\/wp-json\/wp\/v2\/media?parent=76730"}],"wp:term":[{"taxonomy":"category","embeddable":true,"href":"https:\/\/goiasemtempo.com.br\/home\/wp-json\/wp\/v2\/categories?post=76730"},{"taxonomy":"post_tag","embeddable":true,"href":"https:\/\/goiasemtempo.com.br\/home\/wp-json\/wp\/v2\/tags?post=76730"}],"curies":[{"name":"wp","href":"https:\/\/api.w.org\/{rel}","templated":true}]}}