{"id":76703,"date":"2025-05-02T19:29:00","date_gmt":"2025-05-02T19:29:00","guid":{"rendered":"https:\/\/goiasemtempo.com.br\/home\/?p=76703"},"modified":"2025-05-02T19:29:00","modified_gmt":"2025-05-02T19:29:00","slug":"o-pastor-mirim-que-viraliza-na-internet-com-promessas-de-cura-e-pedido-de-ofertas-polemicas","status":"publish","type":"post","link":"https:\/\/goiasemtempo.com.br\/home\/o-pastor-mirim-que-viraliza-na-internet-com-promessas-de-cura-e-pedido-de-ofertas-polemicas\/","title":{"rendered":"O Pastor mirim que viraliza na internet com promessas de cura e pedido de ofertas pol\u00eamicas"},"content":{"rendered":"<p class=\"\" data-t=\"{&quot;n&quot;:&quot;blueLinks&quot;,&quot;t&quot;:13,&quot;a&quot;:&quot;click&quot;,&quot;b&quot;:76}\">Miguel Oliveira, um adolescente de 15 anos natural de Carapicu\u00edba, na Grande S\u00e3o Paulo, vem ganhando notoriedade nas redes sociais e no meio evang\u00e9lico. Conhecido como\u00a0<strong>\u201cmission\u00e1rio mirim\u201d,<\/strong>\u00a0o jovem acumula mais de um milh\u00e3o de seguidores no Instagram e tem causado controv\u00e9rsia com discursos impactantes, rituais incomuns e declara\u00e7\u00f5es pol\u00eamicas sobre ofertas em dinheiro durante cultos.<\/p>\n<div class=\"intra-article-module\" data-t=\"{&quot;n&quot;:&quot;intraArticle&quot;,&quot;t&quot;:13}\">\n<div class=\"articlePageIntraArticleFullWidth ad-slot-placeholder left-image-intra-ad full-bleed-image-intra-ad\" data-ad-index=\"0\">\n<div class=\"intra-article-ad-full left-image-intra-ad full-bleed-image-intra-ad\">\n<div>\n<div id=\"msn7f360b36ef0b49f6bf98\" class=\"full-bleed-image-intra-ad\">Ligado \u00e0 Igreja Assembleia de Deus Avivamento Prof\u00e9tico, Miguel afirma que iniciou sua jornada espiritual aos 3 anos, ap\u00f3s vivenciar o que descreve como um milagre de cura da surdez e da mudez. Desde ent\u00e3o, tem participado de eventos religiosos, adotando um estilo de prega\u00e7\u00e3o semelhante ao de pastores adultos \u2014 com direito a gritos, gestos en\u00e9rgicos e promessas de curas milagrosas.<\/div>\n<\/div>\n<\/div>\n<\/div>\n<\/div>\n<h5 class=\"article-sub-heading\"><strong>Controv\u00e9rsias e viraliza\u00e7\u00f5es<\/strong><\/h5>\n<p class=\"\">Durante uma entrevista em um podcast, o adolescente afirmou que pode solicitar doa\u00e7\u00f5es no valor de at\u00e9 R$ 10 mil em seus cultos.\u00a0<strong>\u201c\u00c9 uma oferta, quem quiser, contribui. Estou obrigando algu\u00e9m? Coloquei arma na cabe\u00e7a de algu\u00e9m? \u00c9 volunt\u00e1rio\u201d<\/strong>, defendeu-se, gerando uma onda de debates nas redes sociais.<\/p>\n<p class=\"\">Um dos epis\u00f3dios mais comentados envolve um v\u00eddeo em que Miguel rasga supostos laudos m\u00e9dicos diante da plateia durante um culto. Enquanto executa o gesto, ele proclama:\u00a0<strong>\u201cEu rasgo o c\u00e2ncer, filtro teu sangue e curo a leucemia\u201d<\/strong>, provocando rea\u00e7\u00f5es intensas entre os fi\u00e9is presentes e os usu\u00e1rios da internet.<\/p>\n<h5 class=\"article-sub-heading\"><strong>Rea\u00e7\u00f5es negativas e apoio<\/strong><\/h5>\n<p>As pr\u00e1ticas do jovem pregador t\u00eam dividido opini\u00f5es. Muitos internautas criticam o conte\u00fado de suas prega\u00e7\u00f5es, questionando a veracidade das curas e a fundamenta\u00e7\u00e3o b\u00edblica dos discursos. Coment\u00e1rios em suas redes o acusam de explorar a f\u00e9 das pessoas. Um dos seguidores chegou a comentar:\u00a0<strong>\u201cT\u00e3o novo e j\u00e1 brincando com a f\u00e9 dos outros.\u201d<\/strong><\/p>\n<p class=\"\" data-t=\"{&quot;n&quot;:&quot;blueLinks&quot;,&quot;t&quot;:13,&quot;a&quot;:&quot;click&quot;,&quot;b&quot;:76}\">As pol\u00eamicas resultaram inclusive em amea\u00e7as, atualmente sob investiga\u00e7\u00e3o do Minist\u00e9rio P\u00fablico de S\u00e3o Paulo. Segundo a assessoria do adolescente, os pais procuraram a pol\u00edcia ap\u00f3s receberem mensagens de intimida\u00e7\u00e3o. O Conselho Tutelar teria determinado a suspens\u00e3o tempor\u00e1ria de suas prega\u00e7\u00f5es p\u00fablicas.<\/p>\n<p class=\"\">Apesar das cr\u00edticas, Miguel tamb\u00e9m recebe apoio de figuras influentes. O empres\u00e1rio e ex-candidato \u00e0 prefeitura de S\u00e3o Paulo, Pablo Mar\u00e7al (PRTB), saiu em defesa do jovem, afirmando que ele\u00a0<strong>\u201cn\u00e3o \u00e9 um falso profeta\u201d.<\/strong><\/p>\n<p class=\"\">Em resposta \u00e0s controv\u00e9rsias, Miguel publicou um v\u00eddeo afirmando que as cr\u00edticas s\u00e3o vistas por ele como parte de seu amadurecimento espiritual.\u00a0<strong>\u201cTudo isso \u00e9 combust\u00edvel para que eu evolua no meu prop\u00f3sito\u201d<\/strong>, disse, sem mencionar diretamente as acusa\u00e7\u00f5es.<\/p>\n<h5 class=\"article-sub-heading\"><strong>E voc\u00ea, o que pensa?<\/strong><\/h5>\n<p class=\"continue-read-break\" data-t=\"{&quot;n&quot;:&quot;blueLinks&quot;,&quot;t&quot;:13,&quot;a&quot;:&quot;click&quot;,&quot;b&quot;:76}\">Diante de um cen\u00e1rio em que f\u00e9, influ\u00eancia digital e liberdade religiosa se misturam, fica o questionamento: seria Miguel um jovem com um dom especial ou apenas mais um produto da espetaculariza\u00e7\u00e3o da f\u00e9? At\u00e9 que ponto a atua\u00e7\u00e3o de um adolescente nesse papel t\u00e3o delicado deve ser incentivada ou contida? O que \u00e9 f\u00e9 leg\u00edtima e o que pode ser considerado abuso espiritual? Cabe a gente refletir: isso \u00e9 certo ou errado \u2014 e por qu\u00ea?<\/p>\n<div class=\"viewsAttribution viewsAttributionNewRR\"><span class=\"viewsAuthors\" title=\"News Rond\u00f4nia\">Hist\u00f3ria de\u00a0<em><span class=\"authorName\">News Rond\u00f4nia\/ Edi\u00e7\u00e3o- Goi\u00e1s EmTempo<\/span><\/em><\/span><\/div>\n<div class=\"inlineView\"><\/div>\n","protected":false},"excerpt":{"rendered":"<p>Miguel Oliveira, um adolescente de 15 anos natural de Carapicu\u00edba, na Grande S\u00e3o Paulo, vem ganhando notoriedade nas redes sociais e no meio evang\u00e9lico. Conhecido como\u00a0\u201cmission\u00e1rio mirim\u201d,\u00a0o jovem acumula mais de um milh\u00e3o de seguidores no Instagram e tem causado controv\u00e9rsia com discursos impactantes, rituais incomuns e declara\u00e7\u00f5es pol\u00eamicas sobre ofertas em dinheiro durante cultos. &hellip;<\/p>\n","protected":false},"author":3,"featured_media":76704,"comment_status":"closed","ping_status":"open","sticky":false,"template":"","format":"standard","meta":{"_exactmetrics_skip_tracking":false,"_exactmetrics_sitenote_active":false,"_exactmetrics_sitenote_note":"","_exactmetrics_sitenote_category":0,"footnotes":""},"categories":[53,467],"tags":[],"_links":{"self":[{"href":"https:\/\/goiasemtempo.com.br\/home\/wp-json\/wp\/v2\/posts\/76703"}],"collection":[{"href":"https:\/\/goiasemtempo.com.br\/home\/wp-json\/wp\/v2\/posts"}],"about":[{"href":"https:\/\/goiasemtempo.com.br\/home\/wp-json\/wp\/v2\/types\/post"}],"author":[{"embeddable":true,"href":"https:\/\/goiasemtempo.com.br\/home\/wp-json\/wp\/v2\/users\/3"}],"replies":[{"embeddable":true,"href":"https:\/\/goiasemtempo.com.br\/home\/wp-json\/wp\/v2\/comments?post=76703"}],"version-history":[{"count":1,"href":"https:\/\/goiasemtempo.com.br\/home\/wp-json\/wp\/v2\/posts\/76703\/revisions"}],"predecessor-version":[{"id":76705,"href":"https:\/\/goiasemtempo.com.br\/home\/wp-json\/wp\/v2\/posts\/76703\/revisions\/76705"}],"wp:featuredmedia":[{"embeddable":true,"href":"https:\/\/goiasemtempo.com.br\/home\/wp-json\/wp\/v2\/media\/76704"}],"wp:attachment":[{"href":"https:\/\/goiasemtempo.com.br\/home\/wp-json\/wp\/v2\/media?parent=76703"}],"wp:term":[{"taxonomy":"category","embeddable":true,"href":"https:\/\/goiasemtempo.com.br\/home\/wp-json\/wp\/v2\/categories?post=76703"},{"taxonomy":"post_tag","embeddable":true,"href":"https:\/\/goiasemtempo.com.br\/home\/wp-json\/wp\/v2\/tags?post=76703"}],"curies":[{"name":"wp","href":"https:\/\/api.w.org\/{rel}","templated":true}]}}