{"id":76638,"date":"2025-04-29T21:21:29","date_gmt":"2025-04-29T21:21:29","guid":{"rendered":"https:\/\/goiasemtempo.com.br\/home\/?p=76638"},"modified":"2025-04-29T21:21:29","modified_gmt":"2025-04-29T21:21:29","slug":"federacao-uniao-progressita-reune-pl-mdb-e-republicanos-em-seu-lancamento","status":"publish","type":"post","link":"https:\/\/goiasemtempo.com.br\/home\/federacao-uniao-progressita-reune-pl-mdb-e-republicanos-em-seu-lancamento\/","title":{"rendered":"Federa\u00e7\u00e3o Uni\u00e3o Progressita re\u00fane PL, MDB e Republicanos em seu lan\u00e7amento"},"content":{"rendered":"<p>As c\u00fapulas do Uni\u00e3o Brasil e do Progressistas (PP) oficializaram nesta ter\u00e7a-feira (29) o lan\u00e7amento da Federa\u00e7\u00e3o Uni\u00e3o Progressista.O evento de lan\u00e7amento contou com nomes de destaque das duas legendas, como o presidente do Senado, Davi Alcolumbre (Uni\u00e3o-AP), o ex-presidente da C\u00e2mara e deputado Arthur Lira (PP-AL) e o vice-presidente do Uni\u00e3o, ACM Neto, ex-prefeito de Salvador. Tamb\u00e9m estiveram presentes os ministros Celso Sabino (Turismo), do Uni\u00e3o, e Andr\u00e9 Fufuca (Esportes), do PP, e os governadores de Goi\u00e1s, Ronaldo Caiado (Uni\u00e3o), e de Roraima, Ant\u00f4nio Denarium (PP). Al\u00e9m disso, integrantes de outros partidos participaram do lan\u00e7amento, como o presidente da C\u00e2mara dos Deputados, Hugo Motta (Republicanos-PB), o presidente do PL, Valdemar Costa Neto, e os senadores Fl\u00e1vio Bolsonaro (PL-RJ) e Carlos Portinho (PL-RJ).<\/p>\n<p>O governador do Distrito Federal, Ibaneis Rocha (MDB), tamb\u00e9m esteve presente. Maior bancada na C\u00e2mara A bancada formada pela nova federa\u00e7\u00e3o ser\u00e1 a mais expressiva da C\u00e2mara, com 109 deputados, e a segunda maior no Senado, com 14 senadores. Al\u00e9m disso, o grupo reunir\u00e1 1.400 prefeitos e 12 mil vereadores em todo o Brasil. At\u00e9 o fim de 2026, a federa\u00e7\u00e3o ter\u00e1 gest\u00e3o compartilhada entre os presidentes do Uni\u00e3o, Antonio Rueda, e do Progressistas, senador Ciro Nogueira (PI). Em janeiro de 2026, uma nova diretoria ser\u00e1 eleita. Gest\u00e3o Segundo Rueda, a decis\u00e3o por uma gest\u00e3o compartilhada entre ele e Ciro Nogueira foi tomada porque os integrantes de ambos os partidos entenderam que a medida trar\u00e1 \u201cmais harmonia\u201d para a federa\u00e7\u00e3o neste momento.<\/p>\n<p>Apesar disso, outros nomes estavam cotados para assumir a presid\u00eancia compartilhada do grupo, como o de Arthur Lira. Institu\u00eddo pelo Congresso Nacional em 2021, o modelo de federa\u00e7\u00f5es busca permitir que os partidos atuem de forma unificada em todo o pa\u00eds, funcionando como uma \u00fanica agremia\u00e7\u00e3o por quatro anos. A alian\u00e7a entre Uni\u00e3o Brasil e Progressistas deve impactar na disputa eleitoral de 2026.<\/p>\n<p>Do lado do Uni\u00e3o, o governador de Goi\u00e1s, Ronaldo Caiado, j\u00e1 anunciou sua pr\u00e9-candidatura \u00e0 presid\u00eancia da Rep\u00fablica. Do lado do PP, uma das apostas \u00e9 o nome da senadora Tereza Cristina (MS). \u201cO desejo \u00e9 que a gente possa ser protagonista na constru\u00e7\u00e3o de uma candidatura que seja alternativa ao que o Brasil vive hoje com o seu governo. Esse \u00e9 sentimento dominante dentro da federa\u00e7\u00e3o. Tudo isso vai ser discutido na hora certa, que \u00e9 2026. At\u00e9 l\u00e1, liberdade, apoio e suporte para cada um tocar o seu projeto e crescer\u201d, afirmou ACM Neto em conversa com a imprensa na segunda-feira (28),<\/p>\n","protected":false},"excerpt":{"rendered":"<p>As c\u00fapulas do Uni\u00e3o Brasil e do Progressistas (PP) oficializaram nesta ter\u00e7a-feira (29) o lan\u00e7amento da Federa\u00e7\u00e3o Uni\u00e3o Progressista.O evento de lan\u00e7amento contou com nomes de destaque das duas legendas, como o presidente do Senado, Davi Alcolumbre (Uni\u00e3o-AP), o ex-presidente da C\u00e2mara e deputado Arthur Lira (PP-AL) e o vice-presidente do Uni\u00e3o, ACM Neto, ex-prefeito &hellip;<\/p>\n","protected":false},"author":3,"featured_media":76639,"comment_status":"closed","ping_status":"open","sticky":false,"template":"","format":"standard","meta":{"_exactmetrics_skip_tracking":false,"_exactmetrics_sitenote_active":false,"_exactmetrics_sitenote_note":"","_exactmetrics_sitenote_category":0,"footnotes":""},"categories":[6,19,505,33],"tags":[],"_links":{"self":[{"href":"https:\/\/goiasemtempo.com.br\/home\/wp-json\/wp\/v2\/posts\/76638"}],"collection":[{"href":"https:\/\/goiasemtempo.com.br\/home\/wp-json\/wp\/v2\/posts"}],"about":[{"href":"https:\/\/goiasemtempo.com.br\/home\/wp-json\/wp\/v2\/types\/post"}],"author":[{"embeddable":true,"href":"https:\/\/goiasemtempo.com.br\/home\/wp-json\/wp\/v2\/users\/3"}],"replies":[{"embeddable":true,"href":"https:\/\/goiasemtempo.com.br\/home\/wp-json\/wp\/v2\/comments?post=76638"}],"version-history":[{"count":1,"href":"https:\/\/goiasemtempo.com.br\/home\/wp-json\/wp\/v2\/posts\/76638\/revisions"}],"predecessor-version":[{"id":76640,"href":"https:\/\/goiasemtempo.com.br\/home\/wp-json\/wp\/v2\/posts\/76638\/revisions\/76640"}],"wp:featuredmedia":[{"embeddable":true,"href":"https:\/\/goiasemtempo.com.br\/home\/wp-json\/wp\/v2\/media\/76639"}],"wp:attachment":[{"href":"https:\/\/goiasemtempo.com.br\/home\/wp-json\/wp\/v2\/media?parent=76638"}],"wp:term":[{"taxonomy":"category","embeddable":true,"href":"https:\/\/goiasemtempo.com.br\/home\/wp-json\/wp\/v2\/categories?post=76638"},{"taxonomy":"post_tag","embeddable":true,"href":"https:\/\/goiasemtempo.com.br\/home\/wp-json\/wp\/v2\/tags?post=76638"}],"curies":[{"name":"wp","href":"https:\/\/api.w.org\/{rel}","templated":true}]}}