{"id":76577,"date":"2025-04-26T21:54:39","date_gmt":"2025-04-26T21:54:39","guid":{"rendered":"https:\/\/goiasemtempo.com.br\/home\/?p=76577"},"modified":"2025-04-26T21:54:39","modified_gmt":"2025-04-26T21:54:39","slug":"perdemos-um-dos-lideres-mais-importantes-do-seculo-21-diz-lula-sobre-papa-francisco-no-vaticano","status":"publish","type":"post","link":"https:\/\/goiasemtempo.com.br\/home\/perdemos-um-dos-lideres-mais-importantes-do-seculo-21-diz-lula-sobre-papa-francisco-no-vaticano\/","title":{"rendered":"&#8216;Perdemos um dos l\u00edderes mais importantes do s\u00e9culo 21&#8217;, diz Lula sobre papa Francisco no Vaticano"},"content":{"rendered":"<p data-t=\"{&quot;n&quot;:&quot;blueLinks&quot;,&quot;t&quot;:13,&quot;a&quot;:&quot;click&quot;,&quot;b&quot;:76}\">&#8220;Acho que n\u00f3s perdemos o l\u00edder religioso mais importante desse primeiro quarto do s\u00e9culo 21, o papa Francisco, ele n\u00e3o era apenas um padre, ele era uma emo\u00e7\u00e3o, ele era um cora\u00e7\u00e3o&#8221;, disse o presidente brasileiro Luiz In\u00e1cio Lula da Silva, em entrevista para a imprensa durante o funeral do papa na capital italiana. &#8220;Eu n\u00e3o cumprimentei [o presidente norte-americano Donald Trump], n\u00e3o vi, n\u00e3o olhei nem pro lado&#8221;, completou.<\/p>\n<div class=\"intra-article-module\" data-t=\"{&quot;n&quot;:&quot;intraArticle&quot;,&quot;t&quot;:13}\">\n<div class=\"articlePageIntraArticleFullWidth ad-slot-placeholder left-image-intra-ad full-bleed-image-intra-ad\" data-ad-index=\"0\">\n<div class=\"intra-article-ad-full left-image-intra-ad full-bleed-image-intra-ad\"><\/div>\n<\/div>\n<\/div>\n<p class=\"continue-read-break\" data-t=\"{&quot;n&quot;:&quot;blueLinks&quot;,&quot;t&quot;:13,&quot;a&quot;:&quot;click&quot;,&quot;b&quot;:76}\">&#8220;Ele era um l\u00edder pol\u00edtico e se preocupava n\u00e3o apenas com a espiritualidade das pessoas, mas com a guerra da Ucr\u00e2nia,\u00a0 com a fome, com as coisas do povo do mundo inteiro. Portanto, eu acho que a nossa vinda aqui \u00e9 um agradecimento&#8221;, completou o chefe de Estado.<\/p>\n<p data-t=\"{&quot;n&quot;:&quot;blueLinks&quot;,&quot;t&quot;:13,&quot;a&quot;:&quot;click&quot;,&quot;b&quot;:76}\">&#8220;<a href=\"https:\/\/www.rfi.fr\/br\/europa\/20250426-papa-francisco-%C3%A9-sepultado-ap%C3%B3s-cerim%C3%B4nia-que-reuniu-250-mil-fi%C3%A9is-e-50-chefes-de-estado-em-roma\" target=\"_blank\" rel=\"noopener\" data-t=\"{&quot;n&quot;:&quot;destination&quot;,&quot;t&quot;:13,&quot;a&quot;:&quot;click&quot;,&quot;b&quot;:1,&quot;c.t&quot;:7}\">Acho que foi uma d\u00edvida que n\u00f3s pagamos a um homem que prestou um servi\u00e7o para a humanidade<\/a>. Que o pr\u00f3ximo papa seja igual a ele, com o mesmo cora\u00e7\u00e3o, com os mesmos compromissos religiosos dele, com o combate \u00e0 desigualdade que teve o papa Francisco&#8221;, sublinhou o presidente.<\/p>\n<h2 class=\"article-sub-heading\">Trump e Zelensky<\/h2>\n<p data-t=\"{&quot;n&quot;:&quot;blueLinks&quot;,&quot;t&quot;:13,&quot;a&quot;:&quot;click&quot;,&quot;b&quot;:76}\">Sobre o encontro entre Trump e o Zelenski em\u00a0<a class=\"gtm-add-suggested-tag\" href=\"https:\/\/www.rfi.fr\/br\/tag\/roma\/\" target=\"_blank\" rel=\"noopener\" data-t=\"{&quot;n&quot;:&quot;destination&quot;,&quot;t&quot;:13,&quot;a&quot;:&quot;click&quot;,&quot;b&quot;:1,&quot;c.t&quot;:7}\">Roma<\/a>, Lula considerou n\u00e3o saber &#8220;o que eles conversaram, n\u00e3o posso intuir&#8230; O\u00a0importante \u00e9 encontrar uma sa\u00edda para essa guerra, que est\u00e1 ficando sem explica\u00e7\u00e3o&#8221;.<\/p>\n<p data-t=\"{&quot;n&quot;:&quot;blueLinks&quot;,&quot;t&quot;:13,&quot;a&quot;:&quot;click&quot;,&quot;b&quot;:76}\">&#8220;Ou seja, ningu\u00e9m consegue explicar e ningu\u00e9m quer falar em paz. E o Brasil continua que a solu\u00e7\u00e3o \u00e9 a gente fazer com que os dois sentem na mesa de negocia\u00e7\u00e3o e encontram a solu\u00e7\u00e3o n\u00e3o s\u00f3 para\u00a0<a class=\"gtm-add-suggested-tag\" href=\"https:\/\/www.rfi.fr\/br\/tag\/ucr%C3%A2nia\/\" target=\"_blank\" rel=\"noopener\" data-t=\"{&quot;n&quot;:&quot;destination&quot;,&quot;t&quot;:13,&quot;a&quot;:&quot;click&quot;,&quot;b&quot;:1,&quot;c.t&quot;:7}\">Ucr\u00e2nia<\/a>, ou para Putin, mas tamb\u00e9m para a viol\u00eancia que\u00a0<a class=\"gtm-add-suggested-tag\" href=\"https:\/\/www.rfi.fr\/br\/tag\/israel\/\" target=\"_blank\" rel=\"noopener\" data-t=\"{&quot;n&quot;:&quot;destination&quot;,&quot;t&quot;:13,&quot;a&quot;:&quot;click&quot;,&quot;b&quot;:1,&quot;c.t&quot;:7}\">Israel<\/a>\u00a0comete contra a faixa de Gaza&#8221;, destacou.<\/p>\n<h2 class=\"article-sub-heading\">&#8220;Nem vi Trump&#8221;<\/h2>\n<p data-t=\"{&quot;n&quot;:&quot;blueLinks&quot;,&quot;t&quot;:13,&quot;a&quot;:&quot;click&quot;,&quot;b&quot;:76}\">Sobre Trump, Lula disse que n\u00e3o o cumprimentou porque &#8220;estava conversando com o meu pessoal sobre a quest\u00e3o da seguran\u00e7a na sa\u00edda que tava uma confus\u00e3o muito grande&#8221;. &#8220;Eu n\u00e3o cumprimentei, n\u00e3o vi, n\u00e3o olhei nem pro lado&#8221;, finalizou o presidente brasileiro.<\/p>\n<p data-t=\"{&quot;n&quot;:&quot;blueLinks&quot;,&quot;t&quot;:13,&quot;a&quot;:&quot;click&quot;,&quot;b&quot;:76}\">\n","protected":false},"excerpt":{"rendered":"<p>&#8220;Acho que n\u00f3s perdemos o l\u00edder religioso mais importante desse primeiro quarto do s\u00e9culo 21, o papa Francisco, ele n\u00e3o era apenas um padre, ele era uma emo\u00e7\u00e3o, ele era um cora\u00e7\u00e3o&#8221;, disse o presidente brasileiro Luiz In\u00e1cio Lula da Silva, em entrevista para a imprensa durante o funeral do papa na capital italiana. &#8220;Eu &hellip;<\/p>\n","protected":false},"author":3,"featured_media":76578,"comment_status":"closed","ping_status":"open","sticky":false,"template":"","format":"standard","meta":{"_exactmetrics_skip_tracking":false,"_exactmetrics_sitenote_active":false,"_exactmetrics_sitenote_note":"","_exactmetrics_sitenote_category":0,"footnotes":""},"categories":[481,163,467],"tags":[],"_links":{"self":[{"href":"https:\/\/goiasemtempo.com.br\/home\/wp-json\/wp\/v2\/posts\/76577"}],"collection":[{"href":"https:\/\/goiasemtempo.com.br\/home\/wp-json\/wp\/v2\/posts"}],"about":[{"href":"https:\/\/goiasemtempo.com.br\/home\/wp-json\/wp\/v2\/types\/post"}],"author":[{"embeddable":true,"href":"https:\/\/goiasemtempo.com.br\/home\/wp-json\/wp\/v2\/users\/3"}],"replies":[{"embeddable":true,"href":"https:\/\/goiasemtempo.com.br\/home\/wp-json\/wp\/v2\/comments?post=76577"}],"version-history":[{"count":1,"href":"https:\/\/goiasemtempo.com.br\/home\/wp-json\/wp\/v2\/posts\/76577\/revisions"}],"predecessor-version":[{"id":76579,"href":"https:\/\/goiasemtempo.com.br\/home\/wp-json\/wp\/v2\/posts\/76577\/revisions\/76579"}],"wp:featuredmedia":[{"embeddable":true,"href":"https:\/\/goiasemtempo.com.br\/home\/wp-json\/wp\/v2\/media\/76578"}],"wp:attachment":[{"href":"https:\/\/goiasemtempo.com.br\/home\/wp-json\/wp\/v2\/media?parent=76577"}],"wp:term":[{"taxonomy":"category","embeddable":true,"href":"https:\/\/goiasemtempo.com.br\/home\/wp-json\/wp\/v2\/categories?post=76577"},{"taxonomy":"post_tag","embeddable":true,"href":"https:\/\/goiasemtempo.com.br\/home\/wp-json\/wp\/v2\/tags?post=76577"}],"curies":[{"name":"wp","href":"https:\/\/api.w.org\/{rel}","templated":true}]}}