{"id":76512,"date":"2025-04-25T13:56:52","date_gmt":"2025-04-25T13:56:52","guid":{"rendered":"https:\/\/goiasemtempo.com.br\/home\/?p=76512"},"modified":"2025-04-25T13:56:52","modified_gmt":"2025-04-25T13:56:52","slug":"grupo-piracanjuba-realiza-formatura-da-1a-turma-do-curso-gratuito-em-compras","status":"publish","type":"post","link":"https:\/\/goiasemtempo.com.br\/home\/grupo-piracanjuba-realiza-formatura-da-1a-turma-do-curso-gratuito-em-compras\/","title":{"rendered":"Grupo Piracanjuba realiza formatura da 1\u00aa turma do curso gratuito em Compras"},"content":{"rendered":"<p style=\"font-weight: 400;\"><strong>Goi\u00e2nia, 25 de abril de 2025 &#8211;\u00a0<\/strong>O Grupo Piracanjuba promove neste s\u00e1bado (26\/4) a formatura da\u202f1\u00aa turma do curso gratuito de forma\u00e7\u00e3o em Compras. A capacita\u00e7\u00e3o posicionou no mercado de trabalho 31 profissionais, que agora est\u00e3o aptos para atuar na \u00e1rea. A iniciativa faz parte do compromisso da companhia com o desenvolvimento de talentos e teve parceria com o Senai\/Fatesg\u202fe a participa\u00e7\u00e3o da Diretoria de Suprimentos e Log\u00edstica do Hospital Albert Einstein.<\/p>\n<p style=\"font-weight: 400;\">\n<p style=\"font-weight: 400;\">O curso teve\u202f84 horas de aulas presenciais, ao longo de tr\u00eas meses, e abordou conte\u00fados t\u00e9cnicos e pr\u00e1ticos voltados \u00e0 atua\u00e7\u00e3o no setor de Compras e Cadeia de Suprimentos, um dos segmentos de maior crescimento no mercado. A grade de disciplinas contou com mais de 20 temas, entre os quais negocia\u00e7\u00e3o, gest\u00e3o de fornecedores, indicadores de desempenho, processos de aquisi\u00e7\u00e3o de servi\u00e7os, Excel, sistema SAP e tecnologias aplicadas.<\/p>\n<p style=\"font-weight: 400;\">\n<p style=\"font-weight: 400;\">O programa recebeu\u00a0estudantes de cursos t\u00e9cnicos e superiores, profissionais em transi\u00e7\u00e3o de carreira e rec\u00e9m-formados. Com o t\u00e9rmino, tr\u00eas profissionais j\u00e1 foram contratados pelo Grupo Piracanjuba, dois atuar\u00e3o no setor de Compras e outro no de Marketing.<\/p>\n<p style=\"font-weight: 400;\">\n<p style=\"font-weight: 400;\">\u00c9 o caso da Aline Soares Rodrigues, de 32 anos, que come\u00e7ou a atuar como analista de Compras na companhia. \u201cQuando surgiu essa oportunidade, eu j\u00e1 buscava uma transi\u00e7\u00e3o para a \u00e1rea Administrativa. A qualidade das aulas e a troca de experi\u00eancia com os professores e colegas fizeram toda a diferen\u00e7a. Assim que acabou, me candidatei para uma vaga e obtive sucesso. Hoje coloco em pr\u00e1tica tudo o que aprendi. Essa experi\u00eancia transformou minha vida profissional e pessoal, me deu confian\u00e7a para mudar de \u00e1rea e abriu portas que antes pareciam distantes. Sem d\u00favida, \u00e9 uma oportunidade que pode transformar muitas outras hist\u00f3rias tamb\u00e9m\u201d, relata.<\/p>\n<p style=\"font-weight: 400;\">\n<p style=\"font-weight: 400;\">Para o diretor de TI e Supply Chain do Grupo Piracanjuba, F\u00e1bio Fran\u00e7a, a proposta do curso vai al\u00e9m da qualifica\u00e7\u00e3o t\u00e9cnica. \u201cAcreditamos que investir em pessoas \u00e9 o caminho para transformar realidades. O curso gratuito de forma\u00e7\u00e3o em Compras nasce com o prop\u00f3sito de abrir portas, gerar oportunidades e fortalecer uma \u00e1rea que \u00e9 essencial para o desenvolvimento das empresas e das pessoas\u201d, destaca.<\/p>\n<p style=\"font-weight: 400;\">\n<p style=\"font-weight: 400;\">A a\u00e7\u00e3o amplia a parceria do Grupo Piracanjuba com o Senai\/Fatesg, que j\u00e1 rendeu frutos em outras frentes de capacita\u00e7\u00e3o, como os cursos na \u00e1rea de Tecnologia da Informa\u00e7\u00e3o (TI), tamb\u00e9m com alto \u00edndice de aproveitamento dos alunos em processos seletivos internos.<\/p>\n<p style=\"font-weight: 400;\">A formatura do curso gratuito de forma\u00e7\u00e3o em Compras representa o encerramento de um ciclo importante para os participantes. \u00c9 o in\u00edcio de novas possibilidades, conectando educa\u00e7\u00e3o, mercado de trabalho e desenvolvimento social.<\/p>\n<p style=\"font-weight: 400;\">\n<p style=\"font-weight: 400;\"><strong>Servi\u00e7o:<\/strong><br \/>\n<strong>Formatura da 1\u00aa turma do curso gratuito em Compras<\/strong><\/p>\n<p style=\"font-weight: 400;\"><strong>Quando:\u00a0<\/strong>26 de abril, \u00e0s 9h<br \/>\n<strong>Onde:\u00a0<\/strong>Audit\u00f3rio do Grupo Piracanjuba &#8211; Rua Bom Jardim, n\u00ba 201, Residencial Alphaville Flamboyant, Goi\u00e2nia (GO).<\/p>\n<p style=\"font-weight: 400;\">\n<p style=\"font-weight: 400;\"><strong>Sobre o Grupo Piracanjuba\u00a0<\/strong><br \/>\nCom ra\u00edzes no interior de Goi\u00e1s, o Grupo Piracanjuba faz parte do dia a dia das fam\u00edlias brasileiras. Reunimos marcas que levam qualidade e inova\u00e7\u00e3o \u00e0 mesa:\u00a0<strong>Piracanjuba, Emana, LeitBom<\/strong>\u00a0e as licenciadas\u00a0<strong>Almond Breeze<\/strong>\u00a0(bebidas \u00e0 base de am\u00eandoas),\u00a0<strong>Ninho<\/strong>\u00a0e\u00a0<strong>Molico<\/strong>\u00a0(leite longa vida). No total, s\u00e3o mais de 200 produtos em nosso portf\u00f3lio. Nosso time conta com mais de\u00a0<strong>4 mil colaboradores<\/strong>, que atuam em\u00a0<strong>sete unidades fabris<\/strong>\u00a0e\u00a0<strong>16 postos de recep\u00e7\u00e3o de leite<\/strong>, garantindo uma capacidade de processamento de at\u00e9\u00a0<strong>6 milh\u00f5es de litros de leite por dia<\/strong>. Al\u00e9m disso, investimos em sustentabilidade, com fazendas de eucalipto, e incentivamos o desenvolvimento cont\u00ednuo por meio de programas de educa\u00e7\u00e3o.<\/p>\n<p style=\"font-weight: 400;\"><strong>\u00a0<\/strong><\/p>\n<p style=\"font-weight: 400;\"><strong>Grupo Piracanjuba<\/strong><\/p>\n<p style=\"font-weight: 400;\"><strong>Cuidado que alimenta a vida<\/strong><\/p>\n<p style=\"font-weight: 400;\"><a href=\"http:\/\/www.grupopiracanjuba.com.br\/\" data-saferedirecturl=\"https:\/\/www.google.com\/url?q=http:\/\/www.grupopiracanjuba.com.br\/&amp;source=gmail&amp;ust=1745675669417000&amp;usg=AOvVaw2X1a7IOVC8Giv02DkKVn-v\"><strong>http:\/\/www.grupopiracanjuba.com.br<\/strong><\/a><strong>\u00a0<\/strong><\/p>\n","protected":false},"excerpt":{"rendered":"<p>Goi\u00e2nia, 25 de abril de 2025 &#8211;\u00a0O Grupo Piracanjuba promove neste s\u00e1bado (26\/4) a formatura da\u202f1\u00aa turma do curso gratuito de forma\u00e7\u00e3o em Compras. A capacita\u00e7\u00e3o posicionou no mercado de trabalho 31 profissionais, que agora est\u00e3o aptos para atuar na \u00e1rea. A iniciativa faz parte do compromisso da companhia com o desenvolvimento de talentos e &hellip;<\/p>\n","protected":false},"author":3,"featured_media":76513,"comment_status":"closed","ping_status":"open","sticky":false,"template":"","format":"standard","meta":{"_exactmetrics_skip_tracking":false,"_exactmetrics_sitenote_active":false,"_exactmetrics_sitenote_note":"","_exactmetrics_sitenote_category":0,"footnotes":""},"categories":[497,473],"tags":[],"_links":{"self":[{"href":"https:\/\/goiasemtempo.com.br\/home\/wp-json\/wp\/v2\/posts\/76512"}],"collection":[{"href":"https:\/\/goiasemtempo.com.br\/home\/wp-json\/wp\/v2\/posts"}],"about":[{"href":"https:\/\/goiasemtempo.com.br\/home\/wp-json\/wp\/v2\/types\/post"}],"author":[{"embeddable":true,"href":"https:\/\/goiasemtempo.com.br\/home\/wp-json\/wp\/v2\/users\/3"}],"replies":[{"embeddable":true,"href":"https:\/\/goiasemtempo.com.br\/home\/wp-json\/wp\/v2\/comments?post=76512"}],"version-history":[{"count":1,"href":"https:\/\/goiasemtempo.com.br\/home\/wp-json\/wp\/v2\/posts\/76512\/revisions"}],"predecessor-version":[{"id":76514,"href":"https:\/\/goiasemtempo.com.br\/home\/wp-json\/wp\/v2\/posts\/76512\/revisions\/76514"}],"wp:featuredmedia":[{"embeddable":true,"href":"https:\/\/goiasemtempo.com.br\/home\/wp-json\/wp\/v2\/media\/76513"}],"wp:attachment":[{"href":"https:\/\/goiasemtempo.com.br\/home\/wp-json\/wp\/v2\/media?parent=76512"}],"wp:term":[{"taxonomy":"category","embeddable":true,"href":"https:\/\/goiasemtempo.com.br\/home\/wp-json\/wp\/v2\/categories?post=76512"},{"taxonomy":"post_tag","embeddable":true,"href":"https:\/\/goiasemtempo.com.br\/home\/wp-json\/wp\/v2\/tags?post=76512"}],"curies":[{"name":"wp","href":"https:\/\/api.w.org\/{rel}","templated":true}]}}