{"id":76473,"date":"2025-04-24T14:24:44","date_gmt":"2025-04-24T14:24:44","guid":{"rendered":"https:\/\/goiasemtempo.com.br\/home\/?p=76473"},"modified":"2025-04-24T14:24:44","modified_gmt":"2025-04-24T14:24:44","slug":"servidores-da-educacao-fazem-ato-em-goiania-na-paralisacao-nacional-da-categoria","status":"publish","type":"post","link":"https:\/\/goiasemtempo.com.br\/home\/servidores-da-educacao-fazem-ato-em-goiania-na-paralisacao-nacional-da-categoria\/","title":{"rendered":"Servidores da Educa\u00e7\u00e3o fazem ato em Goi\u00e2nia na paralisa\u00e7\u00e3o nacional da categoria"},"content":{"rendered":"<p>Com Manifesta\u00e7\u00e3o nesta quarta-feira (23), foi realizada uma assembleia dos professores e administrativos da Rede Municipal de Educa\u00e7\u00e3o que paralisaram as atividades para cobrar o pagamento do <a href=\"https:\/\/diariodegoias.com.br\/?s=piso+dos+professores\" target=\"_blank\" rel=\"noopener\">piso nacional<\/a>\u00a0das duas categorias e a redu\u00e7\u00e3o de carga hor\u00e1ria. O protesto ocorreu junto a um ato de trabalhadores da Rede Estadual e fez parte de uma mobiliza\u00e7\u00e3o nacional da categoria dentro da 26\u00aa Semana Nacional em Defesa e Promo\u00e7\u00e3o da Educa\u00e7\u00e3o P\u00fablica organizada pela Confedera\u00e7\u00e3o Nacional dos Trabalhadores em Educa\u00e7\u00e3o (CNTE).<\/p>\n<p>Servidores administrativos e professores da rede municipal se reuniram na Pra\u00e7a do Trabalhador, em frente \u00e0 C\u00e2mara Municipal de Goi\u00e2nia, e aprovaram uma proposta apresentada pela dire\u00e7\u00e3o do Sindicato dos Trabalhadores em Educa\u00e7\u00e3o de Goi\u00e1s (<a href=\"https:\/\/sintego.org.br\/em-goiania-sintego-convoca-trabalhadores-as-para-paralisacao-nacional\/\" target=\"_blank\" rel=\"noopener\">Sintego<\/a>). A proposta inclui uma Assembleia no dia 8 de maio, com indicativo de greve.<\/p>\n<p>Al\u00e9m disso, conforme divulgou o sindicato, em conjunto, a Rede Municipal de Goi\u00e2nia e a Rede Estadual, aprovaram uma ida a Bras\u00edlia, no dia 29 de abril, na Marcha da Classe Trabalhadora. Tamb\u00e9m acertaram levar as pautas da Educa\u00e7\u00e3o para o Ato do 1\u00ba de Maio, Dia do Trabalhador.<\/p>\n<p>A Secretaria Municipal de Educa\u00e7\u00e3o (SME) n\u00e3o comenta as reivindica\u00e7\u00f5es, mas diz que est\u00e1 aberta ao di\u00e1logo. A SME divulgou uma nota sobre a manifesta\u00e7\u00e3o realizada nesta quarta-feira que segue na \u00edntegra abaixo.<\/p>\n<p>Com Di\u00e1rio de Goi\u00e1s\/ Acr\u00e9scimo de Informa\u00e7\u00f5es-Goi\u00e1s Em Tempo<\/p>\n<h3 id=\"h-nota-sme\" class=\"wp-block-heading\">NOTA SME<\/h3>\n<p><em>\u201cParalisa\u00e7\u00e3o Nacional da Educa\u00e7\u00e3o \u2013 23 de abril de 2025<\/em><\/p>\n<p><em>A Secretaria Municipal de Educa\u00e7\u00e3o de Goi\u00e2nia respeita o movimento de paralisa\u00e7\u00e3o nacional dos profissionais da educa\u00e7\u00e3o realizado nesta ter\u00e7a-feira (23).<\/em><\/p>\n<p><em>A gest\u00e3o atual \u00e9 sens\u00edvel \u00e0s demandas apresentadas e tem compromisso com o di\u00e1logo e a valoriza\u00e7\u00e3o dos profissionais da Educa\u00e7\u00e3o.\u201d<\/em><\/p>\n","protected":false},"excerpt":{"rendered":"<p>Com Manifesta\u00e7\u00e3o nesta quarta-feira (23), foi realizada uma assembleia dos professores e administrativos da Rede Municipal de Educa\u00e7\u00e3o que paralisaram as atividades para cobrar o pagamento do piso nacional\u00a0das duas categorias e a redu\u00e7\u00e3o de carga hor\u00e1ria. O protesto ocorreu junto a um ato de trabalhadores da Rede Estadual e fez parte de uma mobiliza\u00e7\u00e3o &hellip;<\/p>\n","protected":false},"author":3,"featured_media":76474,"comment_status":"closed","ping_status":"open","sticky":false,"template":"","format":"standard","meta":{"footnotes":""},"categories":[25,15,493,466],"tags":[],"class_list":["post-76473","post","type-post","status-publish","format-standard","has-post-thumbnail","hentry","category-educacao","category-goias","category-greve","category-manifestacoes"],"_links":{"self":[{"href":"https:\/\/goiasemtempo.com.br\/home\/wp-json\/wp\/v2\/posts\/76473","targetHints":{"allow":["GET"]}}],"collection":[{"href":"https:\/\/goiasemtempo.com.br\/home\/wp-json\/wp\/v2\/posts"}],"about":[{"href":"https:\/\/goiasemtempo.com.br\/home\/wp-json\/wp\/v2\/types\/post"}],"author":[{"embeddable":true,"href":"https:\/\/goiasemtempo.com.br\/home\/wp-json\/wp\/v2\/users\/3"}],"replies":[{"embeddable":true,"href":"https:\/\/goiasemtempo.com.br\/home\/wp-json\/wp\/v2\/comments?post=76473"}],"version-history":[{"count":1,"href":"https:\/\/goiasemtempo.com.br\/home\/wp-json\/wp\/v2\/posts\/76473\/revisions"}],"predecessor-version":[{"id":76475,"href":"https:\/\/goiasemtempo.com.br\/home\/wp-json\/wp\/v2\/posts\/76473\/revisions\/76475"}],"wp:featuredmedia":[{"embeddable":true,"href":"https:\/\/goiasemtempo.com.br\/home\/wp-json\/wp\/v2\/media\/76474"}],"wp:attachment":[{"href":"https:\/\/goiasemtempo.com.br\/home\/wp-json\/wp\/v2\/media?parent=76473"}],"wp:term":[{"taxonomy":"category","embeddable":true,"href":"https:\/\/goiasemtempo.com.br\/home\/wp-json\/wp\/v2\/categories?post=76473"},{"taxonomy":"post_tag","embeddable":true,"href":"https:\/\/goiasemtempo.com.br\/home\/wp-json\/wp\/v2\/tags?post=76473"}],"curies":[{"name":"wp","href":"https:\/\/api.w.org\/{rel}","templated":true}]}}