{"id":76466,"date":"2025-04-24T14:11:29","date_gmt":"2025-04-24T14:11:29","guid":{"rendered":"https:\/\/goiasemtempo.com.br\/home\/?p=76466"},"modified":"2025-04-24T14:11:29","modified_gmt":"2025-04-24T14:11:29","slug":"homem-morre-atropelado-por-motocicleta-ao-atravessar-avenida-em-bairro-de-anapolis","status":"publish","type":"post","link":"https:\/\/goiasemtempo.com.br\/home\/homem-morre-atropelado-por-motocicleta-ao-atravessar-avenida-em-bairro-de-anapolis\/","title":{"rendered":"Homem morre atropelado por motocicleta ao atravessar avenida em bairro de An\u00e1polis"},"content":{"rendered":"<p>Um homem de 57 anos morreu na noite desta quarta-feira (23) ap\u00f3s ser atropelado por uma motocicleta enquanto atravessava a Avenida Comercial, no bairro de Lourdes, em An\u00e1polis. A v\u00edtima, identificada como Jair Garc\u00eas Bueno, teria tentado cruzar a via para ir at\u00e9 uma farm\u00e1cia quando foi atingida pelo ve\u00edculo.<\/p>\n<p>Com o impacto, Jair foi lan\u00e7ado ao ch\u00e3o e teve ferimentos graves. Equipes do Servi\u00e7o de Atendimento M\u00f3vel de Urg\u00eancia (Samu) foram acionadas, mas constataram o \u00f3bito ainda no local. O corpo foi recolhido pelo Instituto M\u00e9dico Legal (IML).<\/p>\n<p>O condutor da motocicleta, que n\u00e3o sofreu ferimentos e permaneceu de p\u00e9 ap\u00f3s a colis\u00e3o, ficou no local at\u00e9 a chegada da Pol\u00edcia Militar. Ele realizou o teste do baf\u00f4metro, que n\u00e3o apontou ingest\u00e3o de \u00e1lcool. O motociclista foi conduzido \u00e0 Delegacia de Investiga\u00e7\u00e3o de Crimes de Tr\u00e2nsito (DICT) para prestar esclarecimentos.<\/p>\n<p>A \u00e1rea foi isolada para o trabalho da per\u00edcia, que deve ajudar a esclarecer as circunst\u00e2ncias do atropelamento. As causas do acidente seguem sob investiga\u00e7\u00e3o.<\/p>\n","protected":false},"excerpt":{"rendered":"<p>Um homem de 57 anos morreu na noite desta quarta-feira (23) ap\u00f3s ser atropelado por uma motocicleta enquanto atravessava a Avenida Comercial, no bairro de Lourdes, em An\u00e1polis. A v\u00edtima, identificada como Jair Garc\u00eas Bueno, teria tentado cruzar a via para ir at\u00e9 uma farm\u00e1cia quando foi atingida pelo ve\u00edculo. Com o impacto, Jair foi &hellip;<\/p>\n","protected":false},"author":3,"featured_media":76467,"comment_status":"closed","ping_status":"open","sticky":false,"template":"","format":"standard","meta":{"footnotes":""},"categories":[18,346,4],"tags":[],"class_list":["post-76466","post","type-post","status-publish","format-standard","has-post-thumbnail","hentry","category-anapolis","category-transito","category-ultimas-noticias"],"_links":{"self":[{"href":"https:\/\/goiasemtempo.com.br\/home\/wp-json\/wp\/v2\/posts\/76466","targetHints":{"allow":["GET"]}}],"collection":[{"href":"https:\/\/goiasemtempo.com.br\/home\/wp-json\/wp\/v2\/posts"}],"about":[{"href":"https:\/\/goiasemtempo.com.br\/home\/wp-json\/wp\/v2\/types\/post"}],"author":[{"embeddable":true,"href":"https:\/\/goiasemtempo.com.br\/home\/wp-json\/wp\/v2\/users\/3"}],"replies":[{"embeddable":true,"href":"https:\/\/goiasemtempo.com.br\/home\/wp-json\/wp\/v2\/comments?post=76466"}],"version-history":[{"count":1,"href":"https:\/\/goiasemtempo.com.br\/home\/wp-json\/wp\/v2\/posts\/76466\/revisions"}],"predecessor-version":[{"id":76468,"href":"https:\/\/goiasemtempo.com.br\/home\/wp-json\/wp\/v2\/posts\/76466\/revisions\/76468"}],"wp:featuredmedia":[{"embeddable":true,"href":"https:\/\/goiasemtempo.com.br\/home\/wp-json\/wp\/v2\/media\/76467"}],"wp:attachment":[{"href":"https:\/\/goiasemtempo.com.br\/home\/wp-json\/wp\/v2\/media?parent=76466"}],"wp:term":[{"taxonomy":"category","embeddable":true,"href":"https:\/\/goiasemtempo.com.br\/home\/wp-json\/wp\/v2\/categories?post=76466"},{"taxonomy":"post_tag","embeddable":true,"href":"https:\/\/goiasemtempo.com.br\/home\/wp-json\/wp\/v2\/tags?post=76466"}],"curies":[{"name":"wp","href":"https:\/\/api.w.org\/{rel}","templated":true}]}}