{"id":76416,"date":"2025-04-22T12:34:11","date_gmt":"2025-04-22T12:34:11","guid":{"rendered":"https:\/\/goiasemtempo.com.br\/home\/?p=76416"},"modified":"2025-04-22T12:34:11","modified_gmt":"2025-04-22T12:34:11","slug":"prf-registra-aumento-de-500-no-numero-de-mortos-durante-feriado-da-semana-santa-em-goias","status":"publish","type":"post","link":"https:\/\/goiasemtempo.com.br\/home\/prf-registra-aumento-de-500-no-numero-de-mortos-durante-feriado-da-semana-santa-em-goias\/","title":{"rendered":"PRF registra aumento de 500% no n\u00famero de mortos durante feriado da Semana Santa em Goi\u00e1s"},"content":{"rendered":"<p>Seis pessoas morreram durante o feriado prolongado da Semana Santa nas rodovias federais que cortam Goi\u00e1s. As v\u00edtimas fatais foram registradas em cinco BRs distintas, segundo a Pol\u00edcia Rodovi\u00e1ria Federal (PRF). S\u00e3o elas:<\/p>\n<ul class=\"wp-block-list\">\n<li>BR-060, em Abadia de Goi\u00e1s (1 morte);<\/li>\n<li>BR-050, em Catal\u00e3o (1 morte);<\/li>\n<li>BR-414, em Abadi\u00e2nia (2 mortes, incluindo duas crian\u00e7as de 6 e 13 anos);<\/li>\n<li>BR-060, em An\u00e1polis (1 morte);<\/li>\n<li>BR-364, em Jata\u00ed (1 morte).<\/li>\n<li><\/li>\n<li>O n\u00famero \u00e9 500% maior do que o registrado no mesmo per\u00edodo do ano passado (entre 17 e 21 de maio). A alta tamb\u00e9m foi observada no n\u00famero de acidentes (31 em 2025) e feridos (39 este ano).\n<p>A corpora\u00e7\u00e3o registrou ainda 5,7 mil infra\u00e7\u00f5es, mais que o dobro do ano passado, quando 2.600 motoristas foram autuados por dirigir acima do limite. A maior velocidade foi registrada na BR-060, em Jata\u00ed, quando um motorista foi flagrado dirigindo a 186 Km\/h.<\/p>\n<p>Mais de 230 ultrapassagens proibidas foram contabilizadas pela PRF, al\u00e9m de 87 motoristas dirigindo sob efeito de \u00e1lcool e 282 condutores ou passageiros sem cinto de seguran\u00e7a ou com crian\u00e7as fora do dispositivo adequado. A imprud\u00eancia, especialmente o excesso de velocidade, continua sendo um dos principais agravantes de acidentes nas rodovias federais, segundo a corpora\u00e7\u00e3o.<\/li>\n<li><\/li>\n<\/ul>\n","protected":false},"excerpt":{"rendered":"<p>Seis pessoas morreram durante o feriado prolongado da Semana Santa nas rodovias federais que cortam Goi\u00e1s. As v\u00edtimas fatais foram registradas em cinco BRs distintas, segundo a Pol\u00edcia Rodovi\u00e1ria Federal (PRF). S\u00e3o elas: BR-060, em Abadia de Goi\u00e1s (1 morte); BR-050, em Catal\u00e3o (1 morte); BR-414, em Abadi\u00e2nia (2 mortes, incluindo duas crian\u00e7as de 6 &hellip;<\/p>\n","protected":false},"author":3,"featured_media":76417,"comment_status":"closed","ping_status":"open","sticky":false,"template":"","format":"standard","meta":{"_exactmetrics_skip_tracking":false,"_exactmetrics_sitenote_active":false,"_exactmetrics_sitenote_note":"","_exactmetrics_sitenote_category":0,"footnotes":""},"categories":[50,62],"tags":[],"_links":{"self":[{"href":"https:\/\/goiasemtempo.com.br\/home\/wp-json\/wp\/v2\/posts\/76416"}],"collection":[{"href":"https:\/\/goiasemtempo.com.br\/home\/wp-json\/wp\/v2\/posts"}],"about":[{"href":"https:\/\/goiasemtempo.com.br\/home\/wp-json\/wp\/v2\/types\/post"}],"author":[{"embeddable":true,"href":"https:\/\/goiasemtempo.com.br\/home\/wp-json\/wp\/v2\/users\/3"}],"replies":[{"embeddable":true,"href":"https:\/\/goiasemtempo.com.br\/home\/wp-json\/wp\/v2\/comments?post=76416"}],"version-history":[{"count":1,"href":"https:\/\/goiasemtempo.com.br\/home\/wp-json\/wp\/v2\/posts\/76416\/revisions"}],"predecessor-version":[{"id":76418,"href":"https:\/\/goiasemtempo.com.br\/home\/wp-json\/wp\/v2\/posts\/76416\/revisions\/76418"}],"wp:featuredmedia":[{"embeddable":true,"href":"https:\/\/goiasemtempo.com.br\/home\/wp-json\/wp\/v2\/media\/76417"}],"wp:attachment":[{"href":"https:\/\/goiasemtempo.com.br\/home\/wp-json\/wp\/v2\/media?parent=76416"}],"wp:term":[{"taxonomy":"category","embeddable":true,"href":"https:\/\/goiasemtempo.com.br\/home\/wp-json\/wp\/v2\/categories?post=76416"},{"taxonomy":"post_tag","embeddable":true,"href":"https:\/\/goiasemtempo.com.br\/home\/wp-json\/wp\/v2\/tags?post=76416"}],"curies":[{"name":"wp","href":"https:\/\/api.w.org\/{rel}","templated":true}]}}