{"id":76393,"date":"2025-04-21T19:28:58","date_gmt":"2025-04-21T19:28:58","guid":{"rendered":"https:\/\/goiasemtempo.com.br\/home\/?p=76393"},"modified":"2025-04-21T19:28:58","modified_gmt":"2025-04-21T19:28:58","slug":"papa-francisco-morreu-de-avc-e-insuficiencia-cardiaca-diz-medico-do-vaticano","status":"publish","type":"post","link":"https:\/\/goiasemtempo.com.br\/home\/papa-francisco-morreu-de-avc-e-insuficiencia-cardiaca-diz-medico-do-vaticano\/","title":{"rendered":"Papa Francisco Morreu de AVC e Insufici\u00eancia Card\u00edaca, Diz M\u00e9dico do Vaticano"},"content":{"rendered":"<div id=\"chunk-1d4h2\">\n<div class=\"mc-column content-text active-extra-styles \" data-block-type=\"unstyled\" data-block-weight=\"27\" data-block-id=\"2\">\n<p class=\" content-text__container \" data-track-category=\"Link no Texto\" data-track-links=\"\" data-mrf-recirculation=\"Mat\u00e9ria - Links no Texto\">Um\u00a0<strong>Acidente Vascular Cerebral\u00a0<\/strong>(AVC), seguido de um quadro de\u00a0<strong>insufici\u00eancia card\u00edaca irrevers\u00edvel<\/strong>, foram as causas da morte do papa Francisco, informou nesta segunda-feira (21) o Vaticano.<\/p>\n<\/div>\n<\/div>\n<div class=\"wall protected-content\">\n<div id=\"chunk-et7h0\">\n<div class=\"mc-column content-text active-extra-styles\" data-block-type=\"raw\" data-block-weight=\"20\" data-block-id=\"4\">\n<p>Segundo a certid\u00e3o m\u00e9dica que atestou a morte, <a class=\"\" href=\"https:\/\/g1.globo.com\/saude\/noticia\/2025\/04\/21\/insufiencia-cardiaca-e-avc-as-causas-da-morte-do-papa-francisco.ghtml\" data-mrf-link=\"https:\/\/g1.globo.com\/saude\/noticia\/2025\/04\/21\/insufiencia-cardiaca-e-avc-as-causas-da-morte-do-papa-francisco.ghtml\" target=\"_blank\" rel=\"noopener\">o papa sofreu um AVC cerebral, entrou em coma e teve um colapso cardiocirculat\u00f3rio<\/a>\u00a0irrevers\u00edvel \u00e0s 7h35, no hor\u00e1rio de Roma (2h35 em Bras\u00edlia).<\/p>\n<\/div>\n<\/div>\n<div id=\"chunk-2je52\">\n<div class=\"mc-column content-text active-extra-styles \" data-block-type=\"unstyled\" data-block-weight=\"28\" data-block-id=\"6\">\n<p class=\" content-text__container \" data-track-category=\"Link no Texto\" data-track-links=\"\" data-mrf-recirculation=\"Mat\u00e9ria - Links no Texto\">O boletim m\u00e9dico informa que o quadro foi agravado por pneumonia bilateral, bronquiectasias m\u00faltiplas, hipertens\u00e3o e diabetes tipo 2. A morte foi confirmada por um exame de eletrocardiograma.<\/p>\n<\/div>\n<\/div>\n<div id=\"chunk-5las7\">\n<div class=\"content-ads content-ads--reveal\" data-block-type=\"ads\" data-block-id=\"7\">O atestado foi assinado por Andrea Arcangeli, diretor do Departamento de Sa\u00fade e Higiene da Cidade do Vaticano.<\/div>\n<div data-block-type=\"ads\" data-block-id=\"7\"><\/div>\n<\/div>\n<div id=\"chunk-3onjv\">\n<div class=\"mc-column content-text active-extra-styles \" data-block-type=\"unstyled\" data-block-weight=\"43\" data-block-id=\"9\">\n<p class=\" content-text__container \" data-track-category=\"Link no Texto\" data-track-links=\"\" data-mrf-recirculation=\"Mat\u00e9ria - Links no Texto\">Francisco ficou internado por mais de um m\u00eas, entre fevereiro e mar\u00e7o, para tratar uma pneumonia bilateral. Apesar de ter recebido alta, o papa continuava em tratamento em casa e apresentava um quadro de sa\u00fade que exigia cuidados.<\/p>\n<p data-track-category=\"Link no Texto\" data-track-links=\"\" data-mrf-recirculation=\"Mat\u00e9ria - Links no Texto\">Com G1\/Edi\u00e7\u00e3o-Goi\u00e1s Em Tempo<\/p>\n<\/div>\n<\/div>\n<\/div>\n","protected":false},"excerpt":{"rendered":"<p>Um\u00a0Acidente Vascular Cerebral\u00a0(AVC), seguido de um quadro de\u00a0insufici\u00eancia card\u00edaca irrevers\u00edvel, foram as causas da morte do papa Francisco, informou nesta segunda-feira (21) o Vaticano. Segundo a certid\u00e3o m\u00e9dica que atestou a morte, o papa sofreu um AVC cerebral, entrou em coma e teve um colapso cardiocirculat\u00f3rio\u00a0irrevers\u00edvel \u00e0s 7h35, no hor\u00e1rio de Roma (2h35 em Bras\u00edlia). &hellip;<\/p>\n","protected":false},"author":3,"featured_media":76394,"comment_status":"closed","ping_status":"open","sticky":false,"template":"","format":"standard","meta":{"footnotes":""},"categories":[4],"tags":[],"class_list":["post-76393","post","type-post","status-publish","format-standard","has-post-thumbnail","hentry","category-ultimas-noticias"],"_links":{"self":[{"href":"https:\/\/goiasemtempo.com.br\/home\/wp-json\/wp\/v2\/posts\/76393","targetHints":{"allow":["GET"]}}],"collection":[{"href":"https:\/\/goiasemtempo.com.br\/home\/wp-json\/wp\/v2\/posts"}],"about":[{"href":"https:\/\/goiasemtempo.com.br\/home\/wp-json\/wp\/v2\/types\/post"}],"author":[{"embeddable":true,"href":"https:\/\/goiasemtempo.com.br\/home\/wp-json\/wp\/v2\/users\/3"}],"replies":[{"embeddable":true,"href":"https:\/\/goiasemtempo.com.br\/home\/wp-json\/wp\/v2\/comments?post=76393"}],"version-history":[{"count":1,"href":"https:\/\/goiasemtempo.com.br\/home\/wp-json\/wp\/v2\/posts\/76393\/revisions"}],"predecessor-version":[{"id":76395,"href":"https:\/\/goiasemtempo.com.br\/home\/wp-json\/wp\/v2\/posts\/76393\/revisions\/76395"}],"wp:featuredmedia":[{"embeddable":true,"href":"https:\/\/goiasemtempo.com.br\/home\/wp-json\/wp\/v2\/media\/76394"}],"wp:attachment":[{"href":"https:\/\/goiasemtempo.com.br\/home\/wp-json\/wp\/v2\/media?parent=76393"}],"wp:term":[{"taxonomy":"category","embeddable":true,"href":"https:\/\/goiasemtempo.com.br\/home\/wp-json\/wp\/v2\/categories?post=76393"},{"taxonomy":"post_tag","embeddable":true,"href":"https:\/\/goiasemtempo.com.br\/home\/wp-json\/wp\/v2\/tags?post=76393"}],"curies":[{"name":"wp","href":"https:\/\/api.w.org\/{rel}","templated":true}]}}