{"id":76299,"date":"2025-04-15T15:39:06","date_gmt":"2025-04-15T15:39:06","guid":{"rendered":"https:\/\/goiasemtempo.com.br\/home\/?p=76299"},"modified":"2025-04-15T15:39:06","modified_gmt":"2025-04-15T15:39:06","slug":"idoso-e-preso-no-rio-com-objetos-com-simbolos-nazistas-que-eram-vendidos-pela-internet","status":"publish","type":"post","link":"https:\/\/goiasemtempo.com.br\/home\/idoso-e-preso-no-rio-com-objetos-com-simbolos-nazistas-que-eram-vendidos-pela-internet\/","title":{"rendered":"Idoso \u00e9 preso no Rio com objetos com s\u00edmbolos nazistas que eram vendidos pela internet"},"content":{"rendered":"<div id=\"chunk-1ptng\">\n<div class=\"mc-column content-text active-extra-styles \" data-block-type=\"unstyled\" data-block-weight=\"27\" data-block-id=\"3\">\n<p class=\" content-text__container \" data-track-category=\"Link no Texto\" data-track-links=\"\" data-mrf-recirculation=\"Mat\u00e9ria - Links no Texto\">Um\u00a0<strong>homem de 70 anos foi preso em flagrante<\/strong>\u00a0em seu apartamento, em Botafogo, na Zona Sul do Rio, por\u00a0<span class=\"highlight highlighted\">comercializar objetos contendo s\u00edmbolos nazistas pela internet<\/span>.<\/p>\n<\/div>\n<\/div>\n<div class=\"wall protected-content\">\n<div id=\"chunk-7uki9\">\n<div class=\"mc-column content-text active-extra-styles \" data-block-type=\"unstyled\" data-block-weight=\"15\" data-block-id=\"5\">\n<p class=\" content-text__container \" data-track-category=\"Link no Texto\" data-track-links=\"\" data-mrf-recirculation=\"Mat\u00e9ria - Links no Texto\">Com ele, os\u00a0<span class=\"highlight highlighted\">policiais apreenderam uma bandeira, revistas, breves e moedas com a cruz su\u00e1stica<\/span>.<\/p>\n<\/div>\n<\/div>\n<div id=\"chunk-3tccv\">\n<div class=\"mc-column content-text active-extra-styles \" data-block-type=\"unstyled\" data-block-weight=\"29\" data-block-id=\"6\">\n<p class=\" content-text__container \" data-track-category=\"Link no Texto\" data-track-links=\"\" data-mrf-recirculation=\"Mat\u00e9ria - Links no Texto\">A pris\u00e3o foi feita pela Pol\u00edcia Federal nesta ter\u00e7a-feira (15), durante a\u00a0<strong>Opera\u00e7\u00e3o Lembran\u00e7a Ingrata<\/strong>, com o objetivo de apurar a pr\u00e1tica do\u00a0<strong>crime de apologia ao nazismo<\/strong>.<\/p>\n<\/div>\n<\/div>\n<div id=\"chunk-arl7g\">\n<div class=\"mc-column content-text active-extra-styles \" data-block-type=\"unstyled\" data-block-weight=\"33\" data-block-id=\"7\">\n<p class=\" content-text__container \" data-track-category=\"Link no Texto\" data-track-links=\"\" data-mrf-recirculation=\"Mat\u00e9ria - Links no Texto\">A a\u00e7\u00e3o foi conduzida por agentes da Delegacia de Repress\u00e3o a Crimes Cibern\u00e9ticos (Deleciber), que cumpriram um mandado de busca e apreens\u00e3o expedido pela 8\u00aa Vara Criminal Federal do Rio de Janeiro.<\/p>\n<\/div>\n<\/div>\n<div id=\"chunk-b1eg8\">\n<div class=\"content-ads content-ads--reveal\" data-block-type=\"ads\" data-block-id=\"8\"><span style=\"font-size: 24px; font-weight: bold;\">ONG denunciou p\u00e1gina na web<\/span><\/div>\n<\/div>\n<div id=\"chunk-ap04a\">\n<div class=\"mc-column content-text active-extra-styles\" data-block-type=\"raw\" data-block-weight=\"5\" data-block-id=\"9\">\n<p>&nbsp;<\/p>\n<p>A investiga\u00e7\u00e3o come\u00e7ou ap\u00f3s uma organiza\u00e7\u00e3o n\u00e3o-governamental (ONG) denunciar a exist\u00eancia de uma <span class=\"highlight highlighted\">p\u00e1gina na internet onde o investigado comercializava emblemas, ornamentos, distintivos, bandeiras, revistas, uniformes e outros objetos com a cruz su\u00e1stica<\/span>.<\/p>\n<\/div>\n<\/div>\n<div id=\"chunk-elbu5\">\n<div class=\"mc-column content-text active-extra-styles \" data-block-type=\"unstyled\" data-block-weight=\"28\" data-block-id=\"11\">\n<p class=\" content-text__container \" data-track-category=\"Link no Texto\" data-track-links=\"\" data-mrf-recirculation=\"Mat\u00e9ria - Links no Texto\">A Pol\u00edcia Federal fez uma an\u00e1lise de dados digitais e outras dilig\u00eancias e identificou o alvo da opera\u00e7\u00e3o, que seguia comercializando os produtos em apologia ao nazismo.<\/p>\n<\/div>\n<\/div>\n<div id=\"chunk-ffhvo\">\n<div class=\"mc-column content-text active-extra-styles \" data-block-type=\"unstyled\" data-block-weight=\"24\" data-block-id=\"12\">\n<p class=\" content-text__container \" data-track-category=\"Link no Texto\" data-track-links=\"\" data-mrf-recirculation=\"Mat\u00e9ria - Links no Texto\">O investigado\u00a0<strong>responder\u00e1 pelo crime de apologia ao nazismo<\/strong>, que pode resultar em uma pena de\u00a0<strong>at\u00e9 cinco anos\u00a0<\/strong>de pris\u00e3o, al\u00e9m de multa.<\/p>\n<\/div>\n<\/div>\n<\/div>\n","protected":false},"excerpt":{"rendered":"<p>Um\u00a0homem de 70 anos foi preso em flagrante\u00a0em seu apartamento, em Botafogo, na Zona Sul do Rio, por\u00a0comercializar objetos contendo s\u00edmbolos nazistas pela internet. Com ele, os\u00a0policiais apreenderam uma bandeira, revistas, breves e moedas com a cruz su\u00e1stica. A pris\u00e3o foi feita pela Pol\u00edcia Federal nesta ter\u00e7a-feira (15), durante a\u00a0Opera\u00e7\u00e3o Lembran\u00e7a Ingrata, com o objetivo &hellip;<\/p>\n","protected":false},"author":3,"featured_media":76300,"comment_status":"closed","ping_status":"open","sticky":false,"template":"","format":"standard","meta":{"_exactmetrics_skip_tracking":false,"_exactmetrics_sitenote_active":false,"_exactmetrics_sitenote_note":"","_exactmetrics_sitenote_category":0,"footnotes":""},"categories":[26,3,33],"tags":[],"_links":{"self":[{"href":"https:\/\/goiasemtempo.com.br\/home\/wp-json\/wp\/v2\/posts\/76299"}],"collection":[{"href":"https:\/\/goiasemtempo.com.br\/home\/wp-json\/wp\/v2\/posts"}],"about":[{"href":"https:\/\/goiasemtempo.com.br\/home\/wp-json\/wp\/v2\/types\/post"}],"author":[{"embeddable":true,"href":"https:\/\/goiasemtempo.com.br\/home\/wp-json\/wp\/v2\/users\/3"}],"replies":[{"embeddable":true,"href":"https:\/\/goiasemtempo.com.br\/home\/wp-json\/wp\/v2\/comments?post=76299"}],"version-history":[{"count":1,"href":"https:\/\/goiasemtempo.com.br\/home\/wp-json\/wp\/v2\/posts\/76299\/revisions"}],"predecessor-version":[{"id":76301,"href":"https:\/\/goiasemtempo.com.br\/home\/wp-json\/wp\/v2\/posts\/76299\/revisions\/76301"}],"wp:featuredmedia":[{"embeddable":true,"href":"https:\/\/goiasemtempo.com.br\/home\/wp-json\/wp\/v2\/media\/76300"}],"wp:attachment":[{"href":"https:\/\/goiasemtempo.com.br\/home\/wp-json\/wp\/v2\/media?parent=76299"}],"wp:term":[{"taxonomy":"category","embeddable":true,"href":"https:\/\/goiasemtempo.com.br\/home\/wp-json\/wp\/v2\/categories?post=76299"},{"taxonomy":"post_tag","embeddable":true,"href":"https:\/\/goiasemtempo.com.br\/home\/wp-json\/wp\/v2\/tags?post=76299"}],"curies":[{"name":"wp","href":"https:\/\/api.w.org\/{rel}","templated":true}]}}