{"id":76284,"date":"2025-04-14T21:27:17","date_gmt":"2025-04-14T21:27:17","guid":{"rendered":"https:\/\/goiasemtempo.com.br\/home\/?p=76284"},"modified":"2025-04-14T21:32:47","modified_gmt":"2025-04-14T21:32:47","slug":"sebrae-go-promove-encontros-coletivos-do-programa-ali-em-tres-municipios-com-foco-em-inovacao-e-transformacao-empresarial","status":"publish","type":"post","link":"https:\/\/goiasemtempo.com.br\/home\/sebrae-go-promove-encontros-coletivos-do-programa-ali-em-tres-municipios-com-foco-em-inovacao-e-transformacao-empresarial\/","title":{"rendered":"Sebrae-Go Promove encontros coletivos do Programa ALI em tr\u00eas Munic\u00edpios com foco em inova\u00e7\u00e3o e transforma\u00e7\u00e3o empresarial"},"content":{"rendered":"<p>Empres\u00e1rios de micro e pequenas empresas das cidades de An\u00e1polis, Alex\u00e2nia e Itau\u00e7u v\u00e3o vivenciar uma nova etapa de desenvolvimento e troca de experi\u00eancias por meio dos Encontros Coletivos do Programa ALI (Agentes Locais de Inova\u00e7\u00e3o), promovido pelo Sebrae Goi\u00e1s. A a\u00e7\u00e3o faz parte de um cronograma intensivo do ciclo iniciado em fevereiro e que segue at\u00e9 junho, oferecendo acompanhamento estrat\u00e9gico para o fortalecimento da cultura da inova\u00e7\u00e3o nas empresas atendidas.<\/p>\n<p>As atividades v\u00e3o acontecer nos dias 15 de abril (An\u00e1polis), 16 de abril (Alex\u00e2nia e Itau\u00e7u), com expectativa de reunir cerca de 70 empres\u00e1rios em An\u00e1polis, 20 em Alex\u00e2nia e os 5 empreendedores em atendimento em Itau\u00e7u.<\/p>\n<p><strong>Compartilhar para crescer: networking, inova\u00e7\u00e3o e troca de experi\u00eancias<\/strong><\/p>\n<p>No cora\u00e7\u00e3o da metodologia do Programa ALI, os encontros coletivos ocupam um lugar especial: o momento \u201cCompartilhar\u201d, em que os empres\u00e1rios se re\u00fanem para trocar experi\u00eancias, fortalecer o networking e refletir sobre as solu\u00e7\u00f5es que est\u00e3o sendo aplicadas nos seus pr\u00f3prios neg\u00f3cios.<br \/>\n\u201c\u00c9 nesse momento que as conex\u00f5es acontecem de verdade. Empres\u00e1rios que nunca se viram descobrem desafios semelhantes e, juntos, encontram novos caminhos. O encontro coletivo \u00e9 mais que uma etapa da metodologia: \u00e9 um divisor de \u00e1guas para muitos empreendedores\u201d, comenta Ewerton Costa, analista da Regional Centro-Leste.<br \/>\nAs tem\u00e1ticas abordadas em cada cidade foram pensadas estrategicamente, de acordo com o perfil dos grupos atendidos. Em An\u00e1polis, a discuss\u00e3o gira em torno de Intelig\u00eancia Artificial aplicada ao Marketing Digital. J\u00e1 em Alex\u00e2nia, o foco ser\u00e1 em como fortalecer a marca no mercado atual. Em Itau\u00e7u, a palestra tratar\u00e1 de como ter sucesso na era da Intelig\u00eancia Artificial.<\/p>\n<p><strong>Um passo de cada vez rumo \u00e0 transforma\u00e7\u00e3o<\/strong><\/p>\n<p>O ciclo de atendimentos segue uma metodologia nacional chamada CONECTAR, composta por oito etapas principais: Conhecer, Obter, Nomear, Elaborar, Compartilhar, Transformar, Avaliar e Reconhecer. A jornada tem in\u00edcio com a assinatura do termo de ades\u00e3o e mapeamento de necessidades, passando por diagn\u00f3sticos, devolutivas, defini\u00e7\u00e3o de desafios e constru\u00e7\u00e3o coletiva de solu\u00e7\u00f5es, at\u00e9 a mensura\u00e7\u00e3o de resultados ao final do processo.<\/p>\n<p>Durante os encontros, os Agentes Locais de Inova\u00e7\u00e3o (ALIs) n\u00e3o apenas acompanham, mas provocam reflex\u00f5es, prop\u00f5em ajustes e ajudam os empres\u00e1rios a p\u00f4r a m\u00e3o na massa. Tudo isso de forma leve, pr\u00e1tica e aplic\u00e1vel \u00e0 realidade do pequeno neg\u00f3cio.<\/p>\n<p>\u201cO Programa ALI por meio do Brasil Mais \u00e9 um dos programas com maior potencial de transforma\u00e7\u00e3o nas empresas, visto o acompanhamento mensal e a proposta de solu\u00e7\u00f5es reais e aplic\u00e1veis com foco no aumento da produtividade que reflete no faturamento das empresas\u201d, comenta S\u00e9rgio Monturil, gerente do SEBRAE na Regional.<\/p>\n<p><strong>Filas de espera j\u00e1 come\u00e7aram e novas turmas t\u00eam in\u00edcio em julho<\/strong><\/p>\n<p>O sucesso do programa \u00e9 tanto que j\u00e1 h\u00e1 uma lista de espera de empresas interessadas em participar do pr\u00f3ximo ciclo, que ter\u00e1 in\u00edcio em julho. As inscri\u00e7\u00f5es seguem abertas e podem ser feitas diretamente na plataforma digital Vitrine do Sebrae Goi\u00e1s, na aba Programas &gt; Programa Brasil Mais (acesse: www.vitrine.sebraego.com.br).<\/p>\n<p>Podem participar micro e pequenas empresas, que passar\u00e3o por um processo de triagem e sele\u00e7\u00e3o. A orienta\u00e7\u00e3o \u00e9 se inscrever o quanto antes, pois a procura tem sido crescente e o n\u00famero de vagas por cidade \u00e9 limitado.<\/p>\n<p><strong>Servi\u00e7o Encontros Coletivos ALI:<\/strong><\/p>\n<p><strong>An\u00e1polis<\/strong><br \/>\nData: 15 de abril<br \/>\nTema: Intelig\u00eancia Artificial aplicada ao Marketing Digital<br \/>\nExpectativa: 70 empres\u00e1rios<br \/>\nHor\u00e1rio: 19h30<br \/>\nLocal: Hotel Intercity<\/p>\n<p><strong>Alex\u00e2nia<\/strong><br \/>\nData: 16 de abril<br \/>\nTema: Como fortalecer sua marca<br \/>\nExpectativa: 20 empres\u00e1rios<\/p>\n<p><strong>Itau\u00e7u<\/strong><br \/>\nData: 16 de abril<br \/>\nTema: Como fazer sucesso na era da Intelig\u00eancia Artificial<br \/>\nExpectativa: 5 empres\u00e1rios atendidos<br \/>\nPara se inscrever nas pr\u00f3ximas turmas: www.vitrine.sebraego.com.br<br \/>\nSelecione: Programas &gt; Programa Brasil Mais<\/p>\n<p><strong>Informa\u00e7\u00f5es para a imprensa:<\/strong><br \/>\nNa sede do Sebrae: Taissa Gracik \u2013 (62) 99887-5463 &#8211; Kalyne Menezes \u2013 (62) 99887-4106<br \/>\nNa Regional Centro-Leste | An\u00e1polis: Ag\u00eancia Entremeios Comunica\u00e7\u00e3o &#8211; Leidiana Batista \u2013 (62) 98626-6155<\/p>\n","protected":false},"excerpt":{"rendered":"<p>Empres\u00e1rios de micro e pequenas empresas das cidades de An\u00e1polis, Alex\u00e2nia e Itau\u00e7u v\u00e3o vivenciar uma nova etapa de desenvolvimento e troca de experi\u00eancias por meio dos Encontros Coletivos do Programa ALI (Agentes Locais de Inova\u00e7\u00e3o), promovido pelo Sebrae Goi\u00e1s. A a\u00e7\u00e3o faz parte de um cronograma intensivo do ciclo iniciado em fevereiro e que &hellip;<\/p>\n","protected":false},"author":3,"featured_media":76290,"comment_status":"closed","ping_status":"open","sticky":false,"template":"","format":"standard","meta":{"_exactmetrics_skip_tracking":false,"_exactmetrics_sitenote_active":false,"_exactmetrics_sitenote_note":"","_exactmetrics_sitenote_category":0,"footnotes":""},"categories":[473],"tags":[],"_links":{"self":[{"href":"https:\/\/goiasemtempo.com.br\/home\/wp-json\/wp\/v2\/posts\/76284"}],"collection":[{"href":"https:\/\/goiasemtempo.com.br\/home\/wp-json\/wp\/v2\/posts"}],"about":[{"href":"https:\/\/goiasemtempo.com.br\/home\/wp-json\/wp\/v2\/types\/post"}],"author":[{"embeddable":true,"href":"https:\/\/goiasemtempo.com.br\/home\/wp-json\/wp\/v2\/users\/3"}],"replies":[{"embeddable":true,"href":"https:\/\/goiasemtempo.com.br\/home\/wp-json\/wp\/v2\/comments?post=76284"}],"version-history":[{"count":5,"href":"https:\/\/goiasemtempo.com.br\/home\/wp-json\/wp\/v2\/posts\/76284\/revisions"}],"predecessor-version":[{"id":76291,"href":"https:\/\/goiasemtempo.com.br\/home\/wp-json\/wp\/v2\/posts\/76284\/revisions\/76291"}],"wp:featuredmedia":[{"embeddable":true,"href":"https:\/\/goiasemtempo.com.br\/home\/wp-json\/wp\/v2\/media\/76290"}],"wp:attachment":[{"href":"https:\/\/goiasemtempo.com.br\/home\/wp-json\/wp\/v2\/media?parent=76284"}],"wp:term":[{"taxonomy":"category","embeddable":true,"href":"https:\/\/goiasemtempo.com.br\/home\/wp-json\/wp\/v2\/categories?post=76284"},{"taxonomy":"post_tag","embeddable":true,"href":"https:\/\/goiasemtempo.com.br\/home\/wp-json\/wp\/v2\/tags?post=76284"}],"curies":[{"name":"wp","href":"https:\/\/api.w.org\/{rel}","templated":true}]}}