{"id":76233,"date":"2025-04-11T19:24:51","date_gmt":"2025-04-11T19:24:51","guid":{"rendered":"https:\/\/goiasemtempo.com.br\/home\/?p=76233"},"modified":"2025-04-11T19:26:13","modified_gmt":"2025-04-11T19:26:13","slug":"vert-battle-anuncia-marcelo-falcao-como-atracao-musical","status":"publish","type":"post","link":"https:\/\/goiasemtempo.com.br\/home\/vert-battle-anuncia-marcelo-falcao-como-atracao-musical\/","title":{"rendered":"Vert Battle anuncia Marcelo Falc\u00e3o como atra\u00e7\u00e3o musical"},"content":{"rendered":"<p>Marcelo Falc\u00e3o, um dos maiores nomes da m\u00fasica brasileira, est\u00e1 confirmado como atra\u00e7\u00e3o especial do Vert Battle, etapa do Circuito de Skate Banco do Brasil. O cantor se apresenta no dia 3 de maio, \u00e0s 20h, no Centro Cultural Oscar Niemeyer, em Goi\u00e2nia. As entradas ser\u00e3o gratuitas mediante a doa\u00e7\u00e3o de 1kg de alimento n\u00e3o perec\u00edvel.<\/p>\n<p>Ex-vocalista do grupo O Rappa, Falc\u00e3o promete um show repleto de sucessos que marcaram gera\u00e7\u00f5es, como Minha Alma, Me Deixa, Anjos, Auto-Reverse e Pescador de Ilus\u00f5es.<\/p>\n<p>Sobre o Vert Battle<\/p>\n<p>Criado em 2016 pelo skatista profissional Rony Gomes, o Vert Battle \u00e9 um dos principais eventos da modalidade vertical no Brasil, sendo respons\u00e1vel por revelar grandes nomes do skate nacional, como os atletas ol\u00edmpicos Augusto Akio, Luigi Cini e Raicca Ventura.<\/p>\n<p>\u201cAno ap\u00f3s ano, o Vert Battle cresce. Esta ser\u00e1 a edi\u00e7\u00e3o com o maior n\u00famero de etapas desde o in\u00edcio, o que me deixa muito feliz. A cada etapa, a rampa recebe novos obst\u00e1culos, o que torna a disputa ainda mais emocionante\u201d, afirma Rony, que tamb\u00e9m \u00e9 o mais novo integrante do Squad BB.<\/p>\n<p>A abertura da temporada ser\u00e1 realizada nos dias 3 e 4 de maio, no Centro Cultural Oscar Niemeyer, com entrada gratuita e transmiss\u00e3o ao vivo pelo canal SporTV, al\u00e9m de streaming nos principais canais de skate do pa\u00eds.<\/p>\n<p>Com premia\u00e7\u00e3o igualit\u00e1ria para as categorias profissional masculina e feminina, o Vert Battle refor\u00e7a seu compromisso com a valoriza\u00e7\u00e3o e a equidade no esporte. Em 2025, cada etapa contar\u00e1 com um obst\u00e1culo exclusivo no half pipe de mais de quatro metros de altura, elevando ainda mais o n\u00edvel t\u00e9cnico das competi\u00e7\u00f5es.<\/p>\n<p>Grandes nomes j\u00e1 confirmaram presen\u00e7a. Entre os homens: Augusto Akio, Rony Gomes, Gui Khury, Luigi Cini, Dan Cezar, Dan Sabino, \u00cdtalo Penarrubia, Diego Takahashi, Mateus Guerreiro e Victor Ikeda. No feminino: Raicca Ventura, Helena Laurino, Dora Varella e Yndiara Asp.<\/p>\n<p>O evento contar\u00e1 tamb\u00e9m com a presen\u00e7a especial da lenda Bob Burnquist e diversas atra\u00e7\u00f5es culturais, como shows, graffiti, arte urbana e experi\u00eancias promovidas pelo Banco do Brasil.<\/p>\n<p><strong>Servi\u00e7o<\/strong><\/p>\n<p>Vert Battle &#8211; Etapa Goi\u00e2nia<br \/>\nAtra\u00e7\u00e3o musical: Marcelo Falc\u00e3o<br \/>\nData: 3 de maio<br \/>\nHor\u00e1rio do show: 20h<br \/>\nIn\u00edcio do evento: 13h<br \/>\nLocal: Centro Cultural Oscar Niemeyer<br \/>\nEntrada gratuita mediante a entrega de 1kg de alimento n\u00e3o perec\u00edvel<\/p>\n<p><strong>Calend\u00e1rio 2025 do Vert Battle<\/strong><br \/>\n* 1\u00aa etapa: 3 e 4 de maio \u2013 Goi\u00e2nia (GO)<br \/>\n* 2\u00aa etapa: 30 de maio a 1\u00ba de junho \u2013 Niter\u00f3i (RJ)<br \/>\n* 3\u00aa etapa: 10 a 12 de outubro \u2013 Curitiba (PR)<br \/>\n* 4\u00aa etapa: 28 a 30 de novembro \u2013 cidade a definir<\/p>\n<p>Instagram: @vertbattle<\/p>\n<p><strong>Vert Battle \u2013 Etapa Goi\u00e2nia<\/strong><br \/>\n<strong>Assessoria de Imprensa: Palavra Comunica\u00e7\u00e3o<\/strong><br \/>\nE-mail: noticias@palavracom.com<br \/>\nInstagram: @palavracomunicacao<br \/>\nContatos: (62) 98162-4898 \/ (62) 99979-5256<\/p>\n<p>&nbsp;<\/p>\n<p><img decoding=\"async\" src=\"https:\/\/goiasemtempo.com.br\/home\/wp-content\/uploads\/2025\/04\/marcelo-d2.jpg\" \/><\/p>\n","protected":false},"excerpt":{"rendered":"<p>Marcelo Falc\u00e3o, um dos maiores nomes da m\u00fasica brasileira, est\u00e1 confirmado como atra\u00e7\u00e3o especial do Vert Battle, etapa do Circuito de Skate Banco do Brasil. O cantor se apresenta no dia 3 de maio, \u00e0s 20h, no Centro Cultural Oscar Niemeyer, em Goi\u00e2nia. As entradas ser\u00e3o gratuitas mediante a doa\u00e7\u00e3o de 1kg de alimento n\u00e3o &hellip;<\/p>\n","protected":false},"author":3,"featured_media":76236,"comment_status":"closed","ping_status":"open","sticky":false,"template":"","format":"standard","meta":{"_exactmetrics_skip_tracking":false,"_exactmetrics_sitenote_active":false,"_exactmetrics_sitenote_note":"","_exactmetrics_sitenote_category":0,"footnotes":""},"categories":[9,66],"tags":[],"_links":{"self":[{"href":"https:\/\/goiasemtempo.com.br\/home\/wp-json\/wp\/v2\/posts\/76233"}],"collection":[{"href":"https:\/\/goiasemtempo.com.br\/home\/wp-json\/wp\/v2\/posts"}],"about":[{"href":"https:\/\/goiasemtempo.com.br\/home\/wp-json\/wp\/v2\/types\/post"}],"author":[{"embeddable":true,"href":"https:\/\/goiasemtempo.com.br\/home\/wp-json\/wp\/v2\/users\/3"}],"replies":[{"embeddable":true,"href":"https:\/\/goiasemtempo.com.br\/home\/wp-json\/wp\/v2\/comments?post=76233"}],"version-history":[{"count":3,"href":"https:\/\/goiasemtempo.com.br\/home\/wp-json\/wp\/v2\/posts\/76233\/revisions"}],"predecessor-version":[{"id":76238,"href":"https:\/\/goiasemtempo.com.br\/home\/wp-json\/wp\/v2\/posts\/76233\/revisions\/76238"}],"wp:featuredmedia":[{"embeddable":true,"href":"https:\/\/goiasemtempo.com.br\/home\/wp-json\/wp\/v2\/media\/76236"}],"wp:attachment":[{"href":"https:\/\/goiasemtempo.com.br\/home\/wp-json\/wp\/v2\/media?parent=76233"}],"wp:term":[{"taxonomy":"category","embeddable":true,"href":"https:\/\/goiasemtempo.com.br\/home\/wp-json\/wp\/v2\/categories?post=76233"},{"taxonomy":"post_tag","embeddable":true,"href":"https:\/\/goiasemtempo.com.br\/home\/wp-json\/wp\/v2\/tags?post=76233"}],"curies":[{"name":"wp","href":"https:\/\/api.w.org\/{rel}","templated":true}]}}