{"id":76213,"date":"2025-04-11T09:46:47","date_gmt":"2025-04-11T09:46:47","guid":{"rendered":"https:\/\/goiasemtempo.com.br\/home\/?p=76213"},"modified":"2025-04-11T09:47:07","modified_gmt":"2025-04-11T09:47:07","slug":"bolsonaro-se-reune-com-hugo-motta-para-tratar-do-pl-da-anistia","status":"publish","type":"post","link":"https:\/\/goiasemtempo.com.br\/home\/bolsonaro-se-reune-com-hugo-motta-para-tratar-do-pl-da-anistia\/","title":{"rendered":"Bolsonaro se re\u00fane com Hugo Motta para tratar do PL da Anistia"},"content":{"rendered":"<p class=\"\" data-start=\"115\" data-end=\"677\">O ex-presidente Jair Bolsonaro (PL) intensificou sua articula\u00e7\u00e3o pol\u00edtica em Bras\u00edlia ao se reunir, nesta quarta-feira (9), com o presidente da C\u00e2mara dos Deputados, Hugo Motta (Republicanos-PB), para discutir o avan\u00e7o do projeto de lei que concede anistia aos manifestantes presos pelos eventos de 8 de janeiro de 2023. A reuni\u00e3o, confirmada pela assessoria de Motta, teve como objetivo convencer o presidente da Casa a pautar o texto diretamente no plen\u00e1rio assim que o PL alcan\u00e7ar as 257 assinaturas necess\u00e1rias \u2014 n\u00famero que j\u00e1 est\u00e1 em 246, segundo o partido.<\/p>\n<div class=\"code-block code-block-4\">\n<div class=\"n2-section-smartslider fitvidsignore n2_clear\" data-ssid=\"4\">\n<div id=\"n2-ss-4-align\" class=\"n2-ss-align n2-ss-align-visible\">\n<div class=\"n2-padding\">\n<div id=\"n2-ss-4\" class=\"n2-ss-slider n2-ow n2-has-hover n2-ss-desktopPortrait n2-ss-loaded\" data-creator=\"Smart Slider 3\" data-responsive=\"auto\" data-device-mode=\"desktopPortrait\">\n<div class=\"n2-ss-slider-wrapper-inside\">\n<div class=\"n2-ss-slider-1 n2_ss__touch_element n2-ow\">\n<div class=\"n2-ss-slider-2 n2-ow\">\n<div class=\"n2-ss-slider-3 n2-ow\">\n<div class=\"n2-ss-slide-backgrounds n2-ow-all\">\n<div class=\"n2-ss-slide-background\" data-public-id=\"1\" data-mode=\"fill\">\n<div class=\"n2-ss-slide-background-color\" data-color=\"RGBA(255,255,255,0)\">O projeto, que vem ganhando tra\u00e7\u00e3o entre deputados da base conservadora, busca corrigir o que muitos veem como um tratamento desproporcional e politizado dado aos envolvidos nos atos. Para aliados de Bolsonaro, a anistia representa um gesto de pacifica\u00e7\u00e3o nacional e de justi\u00e7a para centenas de pessoas que, embora tenham cometido excessos, est\u00e3o sendo tratadas como inimigos do Estado, muitas vezes sem a devida proporcionalidade nas penas.<\/div>\n<\/div>\n<\/div>\n<\/div>\n<\/div>\n<\/div>\n<\/div>\n<\/div>\n<\/div>\n<\/div>\n<\/div>\n<\/div>\n<div class=\"code-block code-block-5\">\n<p>&nbsp;<\/p>\n<div id=\"aswift_3_host\"><\/div>\n<p>&nbsp;<\/p>\n<\/div>\n<p class=\"\" data-start=\"1122\" data-end=\"1600\">Durante a reuni\u00e3o, Motta se manteve cauteloso e teria sinalizado a possibilidade de discutir o texto em uma comiss\u00e3o especial antes de lev\u00e1-lo ao plen\u00e1rio. Ele tamb\u00e9m defende que o tema seja debatido com os demais Poderes, incluindo o Senado e o Executivo, al\u00e9m do Supremo Tribunal Federal \u2014 o principal respons\u00e1vel pelas condena\u00e7\u00f5es. Para aliados do presidente da C\u00e2mara, a postura reflete o desejo de construir um texto que tenha viabilidade pol\u00edtica e respaldo institucional.<\/p>\n<p class=\"\" data-start=\"1602\" data-end=\"1979\">Bolsonaro, por sua vez, demonstrou confian\u00e7a na for\u00e7a pol\u00edtica da proposta. Em entrevista a um podcast na noite anterior, ele relembrou que Motta, desde sua campanha \u00e0 presid\u00eancia da C\u00e2mara, havia se comprometido a respeitar a vontade da maioria dos l\u00edderes partid\u00e1rios. \u201cSe a gente conseguir assinatura, ele vai botar em vota\u00e7\u00e3o, tenho certeza disso\u201d, afirmou o ex-presidente.<\/p>\n<p class=\"\" data-start=\"1981\" data-end=\"2417\">A proposta de anistia n\u00e3o \u00e9 vista apenas como um ato de clem\u00eancia, mas como um passo necess\u00e1rio para a reconcilia\u00e7\u00e3o e o reequil\u00edbrio institucional. Para seus defensores, trata-se de reconhecer que o sistema judicial n\u00e3o pode operar como instrumento de vingan\u00e7a pol\u00edtica \u2014 e que manter presos por longos per\u00edodos cidad\u00e3os sem antecedentes criminais, muitos sem envolvimento direto em atos violentos, \u00e9 um erro que precisa ser corrigido.<\/p>\n<div class=\"code-block code-block-7\">\n<p>&nbsp;<\/p>\n<div id=\"aswift_4_host\"><span style=\"background-color: #ffffff;\">Com a imin\u00eancia das 257 assinaturas, a press\u00e3o aumenta sobre Hugo Motta, que ter\u00e1 de decidir entre manter o projeto em compasso de espera ou coloc\u00e1-lo no centro do debate nacional. De qualquer forma, a movimenta\u00e7\u00e3o j\u00e1 escancarou que o tema est\u00e1 longe de ser encerrado \u2014 e que a demanda por anistia, longe de arrefecer, est\u00e1 se tornando uma das bandeiras centrais da oposi\u00e7\u00e3o e de parte consider\u00e1vel da popula\u00e7\u00e3o que considera os julgamentos do 8 de janeiro desproporcionais e politicamente motivados.<\/span><\/div>\n<p>&nbsp;<\/p>\n<\/div>\n","protected":false},"excerpt":{"rendered":"<p>O ex-presidente Jair Bolsonaro (PL) intensificou sua articula\u00e7\u00e3o pol\u00edtica em Bras\u00edlia ao se reunir, nesta quarta-feira (9), com o presidente da C\u00e2mara dos Deputados, Hugo Motta (Republicanos-PB), para discutir o avan\u00e7o do projeto de lei que concede anistia aos manifestantes presos pelos eventos de 8 de janeiro de 2023. A reuni\u00e3o, confirmada pela assessoria de &hellip;<\/p>\n","protected":false},"author":3,"featured_media":76214,"comment_status":"closed","ping_status":"open","sticky":false,"template":"","format":"standard","meta":{"_exactmetrics_skip_tracking":false,"_exactmetrics_sitenote_active":false,"_exactmetrics_sitenote_note":"","_exactmetrics_sitenote_category":0,"footnotes":""},"categories":[6,26,2,4],"tags":[],"_links":{"self":[{"href":"https:\/\/goiasemtempo.com.br\/home\/wp-json\/wp\/v2\/posts\/76213"}],"collection":[{"href":"https:\/\/goiasemtempo.com.br\/home\/wp-json\/wp\/v2\/posts"}],"about":[{"href":"https:\/\/goiasemtempo.com.br\/home\/wp-json\/wp\/v2\/types\/post"}],"author":[{"embeddable":true,"href":"https:\/\/goiasemtempo.com.br\/home\/wp-json\/wp\/v2\/users\/3"}],"replies":[{"embeddable":true,"href":"https:\/\/goiasemtempo.com.br\/home\/wp-json\/wp\/v2\/comments?post=76213"}],"version-history":[{"count":2,"href":"https:\/\/goiasemtempo.com.br\/home\/wp-json\/wp\/v2\/posts\/76213\/revisions"}],"predecessor-version":[{"id":76216,"href":"https:\/\/goiasemtempo.com.br\/home\/wp-json\/wp\/v2\/posts\/76213\/revisions\/76216"}],"wp:featuredmedia":[{"embeddable":true,"href":"https:\/\/goiasemtempo.com.br\/home\/wp-json\/wp\/v2\/media\/76214"}],"wp:attachment":[{"href":"https:\/\/goiasemtempo.com.br\/home\/wp-json\/wp\/v2\/media?parent=76213"}],"wp:term":[{"taxonomy":"category","embeddable":true,"href":"https:\/\/goiasemtempo.com.br\/home\/wp-json\/wp\/v2\/categories?post=76213"},{"taxonomy":"post_tag","embeddable":true,"href":"https:\/\/goiasemtempo.com.br\/home\/wp-json\/wp\/v2\/tags?post=76213"}],"curies":[{"name":"wp","href":"https:\/\/api.w.org\/{rel}","templated":true}]}}