{"id":76193,"date":"2025-03-25T13:19:35","date_gmt":"2025-03-25T13:19:35","guid":{"rendered":"https:\/\/goiasemtempo.com.br\/home\/?p=76193"},"modified":"2025-04-09T13:26:18","modified_gmt":"2025-04-09T13:26:18","slug":"casos-de-dengue-em-anapolis-apresentam-reducao-de-mais-de-85-em-comparacao-ao-ano-passado-2","status":"publish","type":"post","link":"https:\/\/goiasemtempo.com.br\/home\/casos-de-dengue-em-anapolis-apresentam-reducao-de-mais-de-85-em-comparacao-ao-ano-passado-2\/","title":{"rendered":"Casos de dengue em An\u00e1polis apresentam redu\u00e7\u00e3o de mais de 85% em compara\u00e7\u00e3o ao ano passado"},"content":{"rendered":"<p>Um boletim da Vigil\u00e2ncia Epidemiol\u00f3gica, da Secretaria Municipal de Sa\u00fade, analisou os casos registrados de dengue entre 1\u00ba de janeiro e 15 de mar\u00e7o de 2025. No total, foram contabilizados 472 casos da doen\u00e7a em An\u00e1polis, dos quais 25 apresentaram sinais de alarme e dois foram considerados graves.<\/p>\n<p>Em janeiro deste ano, foram registradas 112 ocorr\u00eancias de dengue. Em fevereiro, o n\u00famero aumentou para 245 casos. J\u00e1 na primeira quinzena de mar\u00e7o, o munic\u00edpio registrou 115 casos.<\/p>\n<p><strong>Dados do ano passado<\/strong><\/p>\n<p>De acordo com a Vigil\u00e2ncia Epidemiol\u00f3gica, em 2024 An\u00e1polis registrou 36.577 casos de dengue, sendo 2.362 com sinais de alarme e 187 classificados como graves.<\/p>\n<p>No primeiro trimestre de 2024, o levantamento apontou 2.040 casos em janeiro, 7.447 em fevereiro e 8.684 em mar\u00e7o.<\/p>\n<p><strong>Redu\u00e7\u00e3o nos casos<\/strong><\/p>\n<p>Comparando os dados de 2025 com os do ano passado, foi constatada uma queda de 86,31% nos registros da doen\u00e7a \u2014 com uma taxa de incid\u00eancia de 1,25 por mil habitantes.<\/p>\n<p>Enquanto em 2024 o munic\u00edpio contabilizou 53 \u00f3bitos entre janeiro e mar\u00e7o, neste ano h\u00e1 apenas uma morte sob investiga\u00e7\u00e3o para determinar se a causa foi dengue.<\/p>\n<p><strong>Alerta<\/strong><\/p>\n<p>O gerente de Endemias, Rafael Teixeira, destacou que, apesar da queda significativa nos n\u00fameros, \u00e9 essencial que a popula\u00e7\u00e3o mantenha os cuidados preventivos para evitar novos surtos da doen\u00e7a.<\/p>\n<p>\u201cA popula\u00e7\u00e3o precisa estar sempre atenta. Os casos continuam e s\u00f3 vamos combater a dengue se fizermos o b\u00e1sico todos os dias. \u00c9 essencial manter a limpeza de calhas e caixas d\u2019\u00e1gua e eliminar qualquer recipiente que possa acumular \u00e1gua parada\u201d, refor\u00e7ou Rafael.<\/p>\n","protected":false},"excerpt":{"rendered":"<p>Um boletim da Vigil\u00e2ncia Epidemiol\u00f3gica, da Secretaria Municipal de Sa\u00fade, analisou os casos registrados de dengue entre 1\u00ba de janeiro e 15 de mar\u00e7o de 2025. No total, foram contabilizados 472 casos da doen\u00e7a em An\u00e1polis, dos quais 25 apresentaram sinais de alarme e dois foram considerados graves. Em janeiro deste ano, foram registradas 112 &hellip;<\/p>\n","protected":false},"author":3,"featured_media":75956,"comment_status":"closed","ping_status":"open","sticky":false,"template":"","format":"standard","meta":{"_exactmetrics_skip_tracking":false,"_exactmetrics_sitenote_active":false,"_exactmetrics_sitenote_note":"","_exactmetrics_sitenote_category":0,"footnotes":""},"categories":[18,19],"tags":[],"_links":{"self":[{"href":"https:\/\/goiasemtempo.com.br\/home\/wp-json\/wp\/v2\/posts\/76193"}],"collection":[{"href":"https:\/\/goiasemtempo.com.br\/home\/wp-json\/wp\/v2\/posts"}],"about":[{"href":"https:\/\/goiasemtempo.com.br\/home\/wp-json\/wp\/v2\/types\/post"}],"author":[{"embeddable":true,"href":"https:\/\/goiasemtempo.com.br\/home\/wp-json\/wp\/v2\/users\/3"}],"replies":[{"embeddable":true,"href":"https:\/\/goiasemtempo.com.br\/home\/wp-json\/wp\/v2\/comments?post=76193"}],"version-history":[{"count":1,"href":"https:\/\/goiasemtempo.com.br\/home\/wp-json\/wp\/v2\/posts\/76193\/revisions"}],"predecessor-version":[{"id":76194,"href":"https:\/\/goiasemtempo.com.br\/home\/wp-json\/wp\/v2\/posts\/76193\/revisions\/76194"}],"wp:featuredmedia":[{"embeddable":true,"href":"https:\/\/goiasemtempo.com.br\/home\/wp-json\/wp\/v2\/media\/75956"}],"wp:attachment":[{"href":"https:\/\/goiasemtempo.com.br\/home\/wp-json\/wp\/v2\/media?parent=76193"}],"wp:term":[{"taxonomy":"category","embeddable":true,"href":"https:\/\/goiasemtempo.com.br\/home\/wp-json\/wp\/v2\/categories?post=76193"},{"taxonomy":"post_tag","embeddable":true,"href":"https:\/\/goiasemtempo.com.br\/home\/wp-json\/wp\/v2\/tags?post=76193"}],"curies":[{"name":"wp","href":"https:\/\/api.w.org\/{rel}","templated":true}]}}