{"id":76091,"date":"2025-04-03T02:20:53","date_gmt":"2025-04-03T02:20:53","guid":{"rendered":"https:\/\/goiasemtempo.com.br\/home\/?p=76091"},"modified":"2025-04-03T02:21:50","modified_gmt":"2025-04-03T02:21:50","slug":"menino-de-tres-anos-morre-apos-ser-esquecido-pela-tia-dentro-do-carro-que-o-levaria-a-escola-no-interior-de-sp","status":"publish","type":"post","link":"https:\/\/goiasemtempo.com.br\/home\/menino-de-tres-anos-morre-apos-ser-esquecido-pela-tia-dentro-do-carro-que-o-levaria-a-escola-no-interior-de-sp\/","title":{"rendered":"Menino de tr\u00eas anos morre ap\u00f3s ser esquecido  pela tia dentro do carro dela que o levaria \u00e0 escola"},"content":{"rendered":"<div id=\"chunk-fo3b0\">\n<div class=\"mc-column content-text active-extra-styles \" data-block-type=\"unstyled\" data-block-weight=\"25\" data-block-id=\"3\">\n<p class=\" content-text__container \" data-track-category=\"Link no Texto\" data-track-links=\"\" data-mrf-recirculation=\"Mat\u00e9ria - Links no Texto\">Uma crian\u00e7a de tr\u00eas anos morreu depois de ser esquecida dentro do carro pela tia, em\u00a0<a class=\"\" href=\"https:\/\/g1.globo.com\/sp\/sao-jose-do-rio-preto-aracatuba\/cidade\/sao-jose-do-rio-preto\/\" data-mrf-link=\"https:\/\/g1.globo.com\/sp\/sao-jose-do-rio-preto-aracatuba\/cidade\/sao-jose-do-rio-preto\/\">S\u00e3o Jos\u00e9 do Rio Preto (SP)<\/a>, nesta quarta-feira (2).<\/p>\n<\/div>\n<\/div>\n<div class=\"wall protected-content\">\n<div id=\"chunk-elvsg\">\n<div class=\"mc-column content-text active-extra-styles \" data-block-type=\"unstyled\" data-block-weight=\"12\" data-block-id=\"5\">Segundo a pol\u00edcia, a tia, que n\u00e3o tinha o h\u00e1bito de ficar com o menino, levaria o sobrinho para a creche. Por volta das 8h, o menino foi deixado dentro do ve\u00edculo, quando a mulher foi para o trabalho. Na ocasi\u00e3o, a crian\u00e7a ficou no banco de tr\u00e1s dormindo.<\/div>\n<div data-block-type=\"unstyled\" data-block-weight=\"12\" data-block-id=\"5\"><\/div>\n<\/div>\n<div id=\"chunk-6tv48\">\n<div class=\"mc-column content-text active-extra-styles \" data-block-type=\"unstyled\" data-block-weight=\"30\" data-block-id=\"7\">\n<p class=\" content-text__container \" data-track-category=\"Link no Texto\" data-track-links=\"\" data-mrf-recirculation=\"Mat\u00e9ria - Links no Texto\">Ainda conforme a pol\u00edcia, por volta das 14h, ela se lembrou que n\u00e3o foi \u00e0 creche e retornou ao ve\u00edculo. Ap\u00f3s encontrar o sobrinho desacordado, acionou o Corpo de Bombeiros.<\/p>\n<div id=\"chunk-bc7ur\">\n<div class=\"mc-column content-text active-extra-styles \" data-block-type=\"unstyled\" data-block-weight=\"40\" data-block-id=\"10\">\n<p class=\" content-text__container \" data-track-category=\"Link no Texto\" data-track-links=\"\" data-mrf-recirculation=\"Mat\u00e9ria - Links no Texto\">O menino foi atendido por uma Unidade de Resgate (UR), que informou que ele teve uma parada cardiorrespirat\u00f3ria e morreu no local. A crian\u00e7a foi encaminhada para a Unidade de Pronto Atendimento (UPA), onde foi feita a confirma\u00e7\u00e3o do \u00f3bito.<\/p>\n<\/div>\n<\/div>\n<div id=\"chunk-23t08\">\n<div class=\"mc-column content-text active-extra-styles \" data-block-type=\"unstyled\" data-block-weight=\"27\" data-block-id=\"11\">\n<p class=\" content-text__container \" data-track-category=\"Link no Texto\" data-track-links=\"\" data-mrf-recirculation=\"Mat\u00e9ria - Links no Texto\">A tia foi levada para a Central de Flagrantes de Rio Preto. O caso foi registrado como\u00a0<strong>homic\u00eddio culposo,<\/strong>\u00a0quando n\u00e3o h\u00e1 inten\u00e7\u00e3o, e vai ser investigado.<\/p>\n<\/div>\n<\/div>\n<\/div>\n<\/div>\n<div id=\"chunk-8cs72\">\n<div class=\"content-ads content-ads--reveal\" data-block-type=\"ads\" data-block-id=\"8\"><\/div>\n<\/div>\n<div id=\"chunk-32mco\">\n<div class=\"row medium-uncollapsed content-media content-photo\" data-block-type=\"backstage-photo\" data-block-id=\"9\">\n<div class=\" mc-column content-media__container\">\n<div class=\"content-media-container glb-skeleton-box\"><\/div>\n<\/div>\n<\/div>\n<\/div>\n<\/div>\n","protected":false},"excerpt":{"rendered":"<p>Uma crian\u00e7a de tr\u00eas anos morreu depois de ser esquecida dentro do carro pela tia, em\u00a0S\u00e3o Jos\u00e9 do Rio Preto (SP), nesta quarta-feira (2). Segundo a pol\u00edcia, a tia, que n\u00e3o tinha o h\u00e1bito de ficar com o menino, levaria o sobrinho para a creche. Por volta das 8h, o menino foi deixado dentro do &hellip;<\/p>\n","protected":false},"author":3,"featured_media":76092,"comment_status":"closed","ping_status":"open","sticky":false,"template":"","format":"standard","meta":{"_exactmetrics_skip_tracking":false,"_exactmetrics_sitenote_active":false,"_exactmetrics_sitenote_note":"","_exactmetrics_sitenote_category":0,"footnotes":""},"categories":[7],"tags":[],"_links":{"self":[{"href":"https:\/\/goiasemtempo.com.br\/home\/wp-json\/wp\/v2\/posts\/76091"}],"collection":[{"href":"https:\/\/goiasemtempo.com.br\/home\/wp-json\/wp\/v2\/posts"}],"about":[{"href":"https:\/\/goiasemtempo.com.br\/home\/wp-json\/wp\/v2\/types\/post"}],"author":[{"embeddable":true,"href":"https:\/\/goiasemtempo.com.br\/home\/wp-json\/wp\/v2\/users\/3"}],"replies":[{"embeddable":true,"href":"https:\/\/goiasemtempo.com.br\/home\/wp-json\/wp\/v2\/comments?post=76091"}],"version-history":[{"count":3,"href":"https:\/\/goiasemtempo.com.br\/home\/wp-json\/wp\/v2\/posts\/76091\/revisions"}],"predecessor-version":[{"id":76095,"href":"https:\/\/goiasemtempo.com.br\/home\/wp-json\/wp\/v2\/posts\/76091\/revisions\/76095"}],"wp:featuredmedia":[{"embeddable":true,"href":"https:\/\/goiasemtempo.com.br\/home\/wp-json\/wp\/v2\/media\/76092"}],"wp:attachment":[{"href":"https:\/\/goiasemtempo.com.br\/home\/wp-json\/wp\/v2\/media?parent=76091"}],"wp:term":[{"taxonomy":"category","embeddable":true,"href":"https:\/\/goiasemtempo.com.br\/home\/wp-json\/wp\/v2\/categories?post=76091"},{"taxonomy":"post_tag","embeddable":true,"href":"https:\/\/goiasemtempo.com.br\/home\/wp-json\/wp\/v2\/tags?post=76091"}],"curies":[{"name":"wp","href":"https:\/\/api.w.org\/{rel}","templated":true}]}}