{"id":76066,"date":"2025-03-31T19:15:05","date_gmt":"2025-03-31T19:15:05","guid":{"rendered":"https:\/\/goiasemtempo.com.br\/home\/?p=76066"},"modified":"2025-03-31T19:15:05","modified_gmt":"2025-03-31T19:15:05","slug":"mpgo-se-reune-com-direcao-da-santa-casa-de-anapolis-e-municipio-em-busca-da-regularizacao-de-oferta-de-leitos-de-uti-na-unidade-de-saude","status":"publish","type":"post","link":"https:\/\/goiasemtempo.com.br\/home\/mpgo-se-reune-com-direcao-da-santa-casa-de-anapolis-e-municipio-em-busca-da-regularizacao-de-oferta-de-leitos-de-uti-na-unidade-de-saude\/","title":{"rendered":"MPGO se re\u00fane com dire\u00e7\u00e3o da Santa Casa de An\u00e1polis e munic\u00edpio em busca da regulariza\u00e7\u00e3o de oferta de leitos de UTI na unidade de sa\u00fade"},"content":{"rendered":"<p>O Minist\u00e9rio P\u00fablico de Goi\u00e1s (MPGO), por meio da 9\u00aa Promotoria de Justi\u00e7a de An\u00e1polis, reuniu-se nesta quinta-feira (27\/3) com representantes da Santa Casa de Miseric\u00f3rdia, Secretaria Municipal de Sa\u00fade, Auditoria do Sistema \u00danico de Sa\u00fade e Procuradoria-Geral do munic\u00edpio, em busca de solu\u00e7\u00e3o para o problema da falta de repasses que levou \u00e0 suspens\u00e3o dos servi\u00e7os de Unidade de Terapia Intensiva (UTI) naquela unidade de sa\u00fade.<\/p>\n<p>Desde a \u00faltima ter\u00e7a-feira (25\/3), a Santa Casa deixou de receber novas (os) pacientes nas UTIs neonatal, pedi\u00e1trica e adulta em raz\u00e3o do atraso de quase R$ 2 milh\u00f5es por parte da prefeitura, referentes a conv\u00eanio assinado pelo munic\u00edpio para ajudar no funcionamento da unidade.<\/p>\n<p>De acordo com o promotor de Justi\u00e7a Marcelo de Freitas, titular da 9\u00aa PJ de An\u00e1polis, antes da reuni\u00e3o, foi realizada uma inspe\u00e7\u00e3o na Santa Casa a fim de materializar os desdobramentos causados pela falta de repasses que impactam diretamente nos servi\u00e7os prestados pela unidade de sa\u00fade. Hoje, a Santa Casa possui 10 leitos na UTI neonatal, sendo 7 leitos dispon\u00edveis para uso exclusivo do Complexo Regulador de An\u00e1polis e 3 para o Complexo Regulador Estadual; 10 leitos na UTI pedi\u00e1trica, sendo 7 leitos para uso exclusivo do Complexo Regulador de An\u00e1polis e 3 para o Complexo Regulador Estadual; 16 leitos na UTI adulto, sendo 8 leitos dispon\u00edveis para uso exclusivo do Complexo Regulador de An\u00e1polis e 8 para o Complexo Regulador Estadual.<\/p>\n<p>Entre as informa\u00e7\u00f5es coletadas durante a inspe\u00e7\u00e3o, uma foi a de que, desde setembro do ano passado, o repasse de R$ 648 mil mensais que compete \u00e0 prefeitura no conv\u00eanio se tornou irregular. Segundo informado ao promotor, este ano n\u00e3o houve o repasse nos meses de janeiro, fevereiro e mar\u00e7o, acumulando um d\u00e9ficit de R$ 1,9 milh\u00e3o.<\/p>\n<p>Ap\u00f3s as constata\u00e7\u00f5es da inspe\u00e7\u00e3o, Marcelo de Freitas participou da reuni\u00e3o com os envolvidos e cobrou deles uma solu\u00e7\u00e3o que garante que as UTIs da Santa Casa voltem a receber pacientes que necessitem de tratamento intensivo. Segundo o promotor, o munic\u00edpio reconhece os atrasos, mas afirma n\u00e3o possuir recursos em caixa para a regulariza\u00e7\u00e3o dos repasses.<\/p>\n<p>No entanto, apesar das explica\u00e7\u00f5es, o MP solicitou que o munic\u00edpio apresente uma proposta que garanta a retomada imediata dos servi\u00e7os de sa\u00fade e se organize para continuar garantindo o repasse mensal enquanto estiver em vigor o atual conv\u00eanio, que segue at\u00e9 o m\u00eas de dezembro. Ap\u00f3s isso, Marcelo de Freitas diz que \u00e9 poss\u00edvel \u00e0 prefeitura repactuar o conv\u00eanio e sua participa\u00e7\u00e3o nele.<\/p>\n<p>Ao buscar um acordo com o munic\u00edpio, o promotor afirma que a inten\u00e7\u00e3o do MP \u00e9 evitar que seja necess\u00e1ria uma judicializa\u00e7\u00e3o da quest\u00e3o, afastando ainda mais preju\u00edzos \u00e0 popula\u00e7\u00e3o.<\/p>\n<p>(<em>Texto:Assessoria de Comunica\u00e7\u00e3o Social do MPGO<\/em>)<\/p>\n<p><img decoding=\"async\" src=\"https:\/\/www.mpgo.mp.br\/portal\/system\/images\/W1siZiIsIjIwMjUvMDMvMjgvMTJfNDdfNTlfNDExX0luc3BlX29fc2FudGFfY2FzYV9hbmFwb2xpc18zXy5qcGciXSxbInAiLCJ0aHVtYiIsIjQ1NXg0NTVcdTAwM0UiXV0\/Inspe%C3%A7%C3%A3o%20santa%20casa%20anapolis%20%20%283%29.jpg\" \/><\/p>\n","protected":false},"excerpt":{"rendered":"<p>O Minist\u00e9rio P\u00fablico de Goi\u00e1s (MPGO), por meio da 9\u00aa Promotoria de Justi\u00e7a de An\u00e1polis, reuniu-se nesta quinta-feira (27\/3) com representantes da Santa Casa de Miseric\u00f3rdia, Secretaria Municipal de Sa\u00fade, Auditoria do Sistema \u00danico de Sa\u00fade e Procuradoria-Geral do munic\u00edpio, em busca de solu\u00e7\u00e3o para o problema da falta de repasses que levou \u00e0 suspens\u00e3o &hellip;<\/p>\n","protected":false},"author":3,"featured_media":76067,"comment_status":"closed","ping_status":"open","sticky":false,"template":"","format":"standard","meta":{"_exactmetrics_skip_tracking":false,"_exactmetrics_sitenote_active":false,"_exactmetrics_sitenote_note":"","_exactmetrics_sitenote_category":0,"footnotes":""},"categories":[18,15,19,16],"tags":[],"_links":{"self":[{"href":"https:\/\/goiasemtempo.com.br\/home\/wp-json\/wp\/v2\/posts\/76066"}],"collection":[{"href":"https:\/\/goiasemtempo.com.br\/home\/wp-json\/wp\/v2\/posts"}],"about":[{"href":"https:\/\/goiasemtempo.com.br\/home\/wp-json\/wp\/v2\/types\/post"}],"author":[{"embeddable":true,"href":"https:\/\/goiasemtempo.com.br\/home\/wp-json\/wp\/v2\/users\/3"}],"replies":[{"embeddable":true,"href":"https:\/\/goiasemtempo.com.br\/home\/wp-json\/wp\/v2\/comments?post=76066"}],"version-history":[{"count":1,"href":"https:\/\/goiasemtempo.com.br\/home\/wp-json\/wp\/v2\/posts\/76066\/revisions"}],"predecessor-version":[{"id":76068,"href":"https:\/\/goiasemtempo.com.br\/home\/wp-json\/wp\/v2\/posts\/76066\/revisions\/76068"}],"wp:featuredmedia":[{"embeddable":true,"href":"https:\/\/goiasemtempo.com.br\/home\/wp-json\/wp\/v2\/media\/76067"}],"wp:attachment":[{"href":"https:\/\/goiasemtempo.com.br\/home\/wp-json\/wp\/v2\/media?parent=76066"}],"wp:term":[{"taxonomy":"category","embeddable":true,"href":"https:\/\/goiasemtempo.com.br\/home\/wp-json\/wp\/v2\/categories?post=76066"},{"taxonomy":"post_tag","embeddable":true,"href":"https:\/\/goiasemtempo.com.br\/home\/wp-json\/wp\/v2\/tags?post=76066"}],"curies":[{"name":"wp","href":"https:\/\/api.w.org\/{rel}","templated":true}]}}