{"id":76051,"date":"2025-03-31T13:01:01","date_gmt":"2025-03-31T13:01:01","guid":{"rendered":"https:\/\/goiasemtempo.com.br\/home\/?p=76051"},"modified":"2025-03-31T13:01:01","modified_gmt":"2025-03-31T13:01:01","slug":"declaracao-de-abel-provoca-torcida-alviverde-com-gritos-de-e-campeao-da-torcida-do-botafogo-nunca-vi-nossos-torcedores-fazendo-isso","status":"publish","type":"post","link":"https:\/\/goiasemtempo.com.br\/home\/declaracao-de-abel-provoca-torcida-alviverde-com-gritos-de-e-campeao-da-torcida-do-botafogo-nunca-vi-nossos-torcedores-fazendo-isso\/","title":{"rendered":"Declara\u00e7\u00e3o de Abel provoca torcida alviverde com  gritos de &#8216;\u00e9 campe\u00e3o&#8217; da torcida do Botafogo: &#8216;Nunca vi nossos torcedores fazendo isso&#8217;"},"content":{"rendered":"<p>Uma declara\u00e7\u00e3o de Abel Ferreira repercutiu muito mal entre torcedores ap\u00f3s o empate do\u00a0<a href=\"https:\/\/www.lance.com.br\/palmeiras\" target=\"_blank\" rel=\"noopener\" data-t=\"{&quot;n&quot;:&quot;destination&quot;,&quot;t&quot;:13,&quot;a&quot;:&quot;click&quot;,&quot;b&quot;:1,&quot;c.t&quot;:7}\">Palmeiras\u00a0<\/a>com o\u00a0<a href=\"https:\/\/www.lance.com.br\/botafogo\" target=\"_blank\" rel=\"noopener\" data-t=\"{&quot;n&quot;:&quot;destination&quot;,&quot;t&quot;:13,&quot;a&quot;:&quot;click&quot;,&quot;b&quot;:1,&quot;c.t&quot;:7}\">Botafogo<\/a>, por 0 a 0, no Allianz Parque, pela primeira rodada Brasileir\u00e3o. Durante a entrevista coletiva, o treinador fez elogios \u00e0 torcida advers\u00e1ria que foram vistos como indireta para os palmeirenses.<\/p>\n<p data-t=\"{&quot;n&quot;:&quot;blueLinks&quot;,&quot;t&quot;:13,&quot;a&quot;:&quot;click&quot;,&quot;b&quot;:76}\">O portugu\u00eas comentou sobre a provoca\u00e7\u00e3o da torcida botafoguense, que gritou &#8220;\u00e9 campe\u00e3o&#8221; ap\u00f3s o apito final.\u00a0<a href=\"https:\/\/www.lance.com.br\/palmeiras\/abel-ve-palmeiras-longe-do-ideal-e-provoca-torcida-apos-empate.html\" target=\"_blank\" rel=\"noopener\" data-t=\"{&quot;n&quot;:&quot;destination&quot;,&quot;t&quot;:13,&quot;a&quot;:&quot;click&quot;,&quot;b&quot;:1,&quot;c.t&quot;:7}\">Abel afirmou que nunca viu a torcida alviverde fazer isso ap\u00f3s uma conquista<\/a>.<\/p>\n<p data-t=\"{&quot;n&quot;:&quot;blueLinks&quot;,&quot;t&quot;:13,&quot;a&quot;:&quot;click&quot;,&quot;b&quot;:76}\">\u2013 Nunca vi nossos torcedores gritarem \u2018somos campe\u00f5es\u2019 como os do Botafogo \u2013 disse o treinador portugu\u00eas.<\/p>\n<p>&#8220;N\u00e3o jogamos contra um advers\u00e1rio qualquer. Voc\u00eas viram a torcida deles a cantar &#8216;\u00e9 campe\u00e3o&#8217;? Por um acaso, nos dois anos que fomos campe\u00f5es, nunca vi isso dos nossos torcedores ao longo do ano a cantar isso&#8221;, afirmou.<\/p>\n<p>&#8220;E viram a torcida deles cantando? \u00c9 isso que vamos procurar fazer, especialmente nesta competi\u00e7\u00e3o espec\u00edfica [<em>Campeonato Brasileiro<\/em>], que \u00e9 de consist\u00eancia, de resili\u00eancia, uma maratona&#8221;, completou.<\/p>\n<p>Na entrevista, o portugu\u00eas tamb\u00e9m elogiou os reservas que entraram em campo neste domingo, salientando que a equipe melhorou da metade do segundo tempo em diante.<\/p>\n<p>O comandante palmeirense, por\u00e9m, reclamou de erros em movimentos de seus atletas e disse que vai trabalhar para corrigir as falhas.<\/p>\n<p class=\"continue-read-break\" data-t=\"{&quot;n&quot;:&quot;blueLinks&quot;,&quot;t&quot;:13,&quot;a&quot;:&quot;click&quot;,&quot;b&quot;:76}\">Abel Ferreira chegou ao Palmeiras em 2020 ap\u00f3s ter uma passagem pelo PAOK, da Gr\u00e9cia. Desde sua chegada, o portugu\u00eas guiou o verd\u00e3o para a conquista de sete t\u00edtulos, conquistando um bicampeonato da Libertadores neste per\u00edodo.<\/p>\n<p data-t=\"{&quot;n&quot;:&quot;blueLinks&quot;,&quot;t&quot;:13,&quot;a&quot;:&quot;click&quot;,&quot;b&quot;:76}\">A resposta n\u00e3o foi nada bem-vinda pela torcida palmeirense pelo X, antigo Twitter. Na vis\u00e3o dos fan\u00e1ticos, o t\u00e9cnico portugu\u00eas n\u00e3o teve &#8220;gradid\u00e3o&#8221; aos torcedores.<\/p>\n<h2 id=\"h-vaias-apos-o-empate\" class=\"wp-block-heading article-sub-heading\">Vaias ap\u00f3s o empate<\/h2>\n<p data-t=\"{&quot;n&quot;:&quot;blueLinks&quot;,&quot;t&quot;:13,&quot;a&quot;:&quot;click&quot;,&quot;b&quot;:76}\">A torcida n\u00e3o ficou satisfeita com a atua\u00e7\u00e3o da equipe ap\u00f3s o empate sem gols com o alvinegro na estreia do Brasileir\u00e3o. Cerca de 30 mil torcedores compareceram no Allianz na tarde deste domingo (30) e vaiaram a equipe na sa\u00edda dos jogadores entoando: &#8220;Ah, mas que saudade quando o Palmeiras jogava com vontade!&#8221;<\/p>\n<h2 id=\"h-como-foi-palmeiras-x-botafogo\" class=\"wp-block-heading article-sub-heading\">Como foi Palmeiras x Botafogo?<\/h2>\n<p data-t=\"{&quot;n&quot;:&quot;blueLinks&quot;,&quot;t&quot;:13,&quot;a&quot;:&quot;click&quot;,&quot;b&quot;:76}\">Em campo, a partida foi equilibrada e o Botafogo conseguiu criar as melhores chances e levar perigo explorando os espa\u00e7os nos lados do campo. Weverton foi exigido e fez grandes interven\u00e7\u00f5es nas finaliza\u00e7\u00f5es de Igor Jesus e Savarino.<\/p>\n<p data-t=\"{&quot;n&quot;:&quot;blueLinks&quot;,&quot;t&quot;:13,&quot;a&quot;:&quot;click&quot;,&quot;b&quot;:76}\">No final da segunda etapa, o Palmeiras conseguiu levar perigo e quase marcou o gol decisivo. Flaco L\u00f3pez perdeu grande oportunidade ap\u00f3s sair cara a cara com John e parar na invers\u00e3o do goleiro. Na sequ\u00eancia, ele voltou a ser exigido e fez outra defesa providencial para garantir o empate sem gols na capital paulista.<\/p>\n","protected":false},"excerpt":{"rendered":"<p>Uma declara\u00e7\u00e3o de Abel Ferreira repercutiu muito mal entre torcedores ap\u00f3s o empate do\u00a0Palmeiras\u00a0com o\u00a0Botafogo, por 0 a 0, no Allianz Parque, pela primeira rodada Brasileir\u00e3o. Durante a entrevista coletiva, o treinador fez elogios \u00e0 torcida advers\u00e1ria que foram vistos como indireta para os palmeirenses. O portugu\u00eas comentou sobre a provoca\u00e7\u00e3o da torcida botafoguense, que &hellip;<\/p>\n","protected":false},"author":3,"featured_media":76052,"comment_status":"closed","ping_status":"open","sticky":false,"template":"","format":"standard","meta":{"_exactmetrics_skip_tracking":false,"_exactmetrics_sitenote_active":false,"_exactmetrics_sitenote_note":"","_exactmetrics_sitenote_category":0,"footnotes":""},"categories":[36],"tags":[],"_links":{"self":[{"href":"https:\/\/goiasemtempo.com.br\/home\/wp-json\/wp\/v2\/posts\/76051"}],"collection":[{"href":"https:\/\/goiasemtempo.com.br\/home\/wp-json\/wp\/v2\/posts"}],"about":[{"href":"https:\/\/goiasemtempo.com.br\/home\/wp-json\/wp\/v2\/types\/post"}],"author":[{"embeddable":true,"href":"https:\/\/goiasemtempo.com.br\/home\/wp-json\/wp\/v2\/users\/3"}],"replies":[{"embeddable":true,"href":"https:\/\/goiasemtempo.com.br\/home\/wp-json\/wp\/v2\/comments?post=76051"}],"version-history":[{"count":1,"href":"https:\/\/goiasemtempo.com.br\/home\/wp-json\/wp\/v2\/posts\/76051\/revisions"}],"predecessor-version":[{"id":76053,"href":"https:\/\/goiasemtempo.com.br\/home\/wp-json\/wp\/v2\/posts\/76051\/revisions\/76053"}],"wp:featuredmedia":[{"embeddable":true,"href":"https:\/\/goiasemtempo.com.br\/home\/wp-json\/wp\/v2\/media\/76052"}],"wp:attachment":[{"href":"https:\/\/goiasemtempo.com.br\/home\/wp-json\/wp\/v2\/media?parent=76051"}],"wp:term":[{"taxonomy":"category","embeddable":true,"href":"https:\/\/goiasemtempo.com.br\/home\/wp-json\/wp\/v2\/categories?post=76051"},{"taxonomy":"post_tag","embeddable":true,"href":"https:\/\/goiasemtempo.com.br\/home\/wp-json\/wp\/v2\/tags?post=76051"}],"curies":[{"name":"wp","href":"https:\/\/api.w.org\/{rel}","templated":true}]}}