{"id":76014,"date":"2025-03-29T20:20:52","date_gmt":"2025-03-29T20:20:52","guid":{"rendered":"https:\/\/goiasemtempo.com.br\/home\/?p=76014"},"modified":"2025-03-29T20:20:52","modified_gmt":"2025-03-29T20:20:52","slug":"corte-no-orcamento-aldir-blanc-que-disponibilizaria-r-3-bilhoes-da-cultura-expoe-falhas-cronicas-no-ministerio-da-cultura","status":"publish","type":"post","link":"https:\/\/goiasemtempo.com.br\/home\/corte-no-orcamento-aldir-blanc-que-disponibilizaria-r-3-bilhoes-da-cultura-expoe-falhas-cronicas-no-ministerio-da-cultura\/","title":{"rendered":"Corte no or\u00e7amento Aldir Blanc, que disponibilizaria R$ 3 bilh\u00f5es da Cultura, exp\u00f5e falhas cr\u00f4nicas no Minist\u00e9rio da Cultura"},"content":{"rendered":"<p dir=\"ltr\">O Observat\u00f3rio da Cultura do Brasil (OCB) revela em seu relat\u00f3rio que os cortes de 84% no or\u00e7amento da Pol\u00edtica Nacional Aldir Blanc (PNAB) em 2025 &#8211; que com a redu\u00e7\u00e3o passou de R$ 3 bilh\u00f5es para R$ 478 milh\u00f5es &#8211; s\u00e3o consequ\u00eancia direta de problemas estruturais na gest\u00e3o do Minist\u00e9rio da Cultura (MinC).<\/p>\n<p dir=\"ltr\"><strong>Corte or\u00e7ament\u00e1rio revela problemas profundos<\/strong><\/p>\n<p dir=\"ltr\">Apesar de justificado como ajuste fiscal, a redu\u00e7\u00e3o na PNAB reflete principalmente a incapacidade do MinC em executar recursos. Reportagens da\u00a0<a href=\"https:\/\/www1.folha.uol.com.br\/ilustrada\/2025\/03\/lei-aldir-blanc-sofre-corte-de-84-em-orcamento-e-preocupa-setor-cultural.shtml\" target=\"_blank\" rel=\"noopener\" data-saferedirecturl=\"https:\/\/www.google.com\/url?q=https:\/\/www1.folha.uol.com.br\/ilustrada\/2025\/03\/lei-aldir-blanc-sofre-corte-de-84-em-orcamento-e-preocupa-setor-cultural.shtml&amp;source=gmail&amp;ust=1743365746150000&amp;usg=AOvVaw2Qinni_8aYyNSqajnO8DQL\">Folha de S.Paulo<\/a>\u00a0e an\u00e1lises como as do jornalista\u00a0<a href=\"https:\/\/www.uol.com.br\/nossa\/colunas\/ale-youssef\/2025\/03\/25\/mega-corte-na-verba-da-lei-aldir-blanc-expoe-amadorismo-da-gestao-cultural.htm\" target=\"_blank\" rel=\"noopener\" data-saferedirecturl=\"https:\/\/www.google.com\/url?q=https:\/\/www.uol.com.br\/nossa\/colunas\/ale-youssef\/2025\/03\/25\/mega-corte-na-verba-da-lei-aldir-blanc-expoe-amadorismo-da-gestao-cultural.htm&amp;source=gmail&amp;ust=1743365746150000&amp;usg=AOvVaw0E5chF1vuQ8uwVfd2T4v0U\">Al\u00ea Youssef (UOL)<\/a>\u00a0abordam o corte. A Folha traz entrevistas que comentam a fragilidade da pol\u00edtica de fomento cultural no Brasil. Youssef comenta que a falta de articula\u00e7\u00e3o pol\u00edtica e gest\u00e3o desorganizada agravaram a situa\u00e7\u00e3o. Ele critica, ainda, o amadorismo na gest\u00e3o cultural, destacando que a redu\u00e7\u00e3o dos recursos evidencia falhas recorrentes na administra\u00e7\u00e3o p\u00fablica da cultura.<\/p>\n<p dir=\"ltr\">O relat\u00f3rio do OCB destaca que as auditorias avaliaram defici\u00eancias e at\u00e9 incapacidades do minist\u00e9rio em quesitos fundamentais: estabelecer modelos de gest\u00e3o (lideran\u00e7a e governan\u00e7a), garantir transpar\u00eancia (integridade e gest\u00e3o de riscos), executar recursos (planejamento or\u00e7ament\u00e1rio) e qualificar servidores (gest\u00e3o de pessoas). Essas defici\u00eancias explicam por que problemas se repetem ano ap\u00f3s ano, independentemente da equipe no comando. \u201cConfunde os gestores com cargos comissionados do MinC, de que postagem em Instagram \u00e9 presta\u00e7\u00e3o de contas\u201d fontes an\u00f4nimas pr\u00f3ximas ao centro do governo em Bras\u00edlia.<\/p>\n<p dir=\"ltr\"><strong>Rea\u00e7\u00f5es e desdobramentos<\/strong><\/p>\n<p dir=\"ltr\">Em postagens veiculadas nas redes sociais do MinC, a ministra Margareth Menezes e o secret\u00e1rio executivo M\u00e1rcio Tavares afirmaram terem sido surpreendidos, dando a entender que seria pelo corte na PNAB. No entanto, diversos revezes do minist\u00e9rio revelados na imprensa desde o final de 2024 j\u00e1 davam um panorama da crise que viria, como esc\u00e2ndalos envolvendo comit\u00eas de cultura, corte em fundo da Ancine, 26.086 projetos da Lei Rouanet sem presta\u00e7\u00e3o de contas, representa\u00e7\u00f5es de parlamentares solicitando esclarecimentos e at\u00e9 um pedido de CPI no MinC. Diante do corte, houve protestos, e diversos segmentos do setor cultural se manifestaram, como f\u00f3runs de secret\u00e1rios, Sateds, representantes do setor audiovisual, entre outros. De fato, as fontes afirmam que o governo sabia, e n\u00e3o alertou, deixando o MinC \u00e0 deriva. Disso saiu a rea\u00e7\u00e3o dentro do MinC em que alegaram terem sido surpreendidos. Na an\u00e1lise do OCB, eles n\u00e3o estavam preparados para lidar com os pr\u00f3prios problemas, o que confirma an\u00e1lises do CGU e TCU.<\/p>\n<p dir=\"ltr\"><img fetchpriority=\"high\" decoding=\"async\" class=\"CToWUd a6T\" tabindex=\"0\" src=\"https:\/\/lh7-rt.googleusercontent.com\/docsz\/AD_4nXfy_X97yp_93zwaWB-aE937VdnlyfuGx6LvxdWozqE_WJh70EdkZto2QjWiD5muyQkwvBGsfZX2Qv7Zbuu_Nk8MM3lwad8La81QFynnhf753FJ3CJ-sgqBtDHWpcnffSw5rel3z6XFWPnpz3B8cHAE?key=fGK5l6BkmxIwQ3-Q7E6ASR96\" width=\"567\" height=\"324\" data-bit=\"iit\" \/><\/p>\n<p dir=\"ltr\">\u201cCargos comissionados confundem suas experi\u00eancias em DCE com administra\u00e7\u00e3o p\u00fablica\u201d, avaliam fontes dos gabinetes da oposi\u00e7\u00e3o na C\u00e2mara dos Deputados em Bras\u00edlia, que fizeram as representa\u00e7\u00f5es contra o MinC.<\/p>\n<p dir=\"ltr\"><strong>Relat\u00f3rio<\/strong><\/p>\n<p dir=\"ltr\">O Observat\u00f3rio da Cultura do Brasil (OCB) lan\u00e7ou um estudo abrangente sobre a gest\u00e3o do Minist\u00e9rio da Cultura (MinC), analisando relat\u00f3rios do TCU e CGU que apontam problemas estruturais persistentes h\u00e1 d\u00e9cadas. Intitulado \u201c40\u00ba Anivers\u00e1rio do MinC: uma an\u00e1lise da gest\u00e3o diante de condena\u00e7\u00f5es em auditorias\u201d, o documento re\u00fane 386 p\u00e1ginas de relat\u00f3rios oficiais, 35 processos de fiscaliza\u00e7\u00e3o, 13 representa\u00e7\u00f5es parlamentares e mais de 180 reportagens, totalizando 1.500 p\u00e1ginas de dados p\u00fablicos.<\/p>\n<p dir=\"ltr\"><strong>Falhas internas, gest\u00e3o ineficiente e falta de controle no MinC<\/strong><\/p>\n<p dir=\"ltr\">Entre as principais falhas identificadas est\u00e3o irregularidades na gest\u00e3o de leis de incentivo (como Rouanet, Aldir Blanc, Paulo Gustavo, PNAB, FSA &#8211; Ancine), envolvendo CNIC, pareceristas, sistemas de informa\u00e7\u00f5es Salic; problemas na participa\u00e7\u00e3o no CNPC, Colegiados e Confer\u00eancia Nacional de Cultura; aus\u00eancia de pol\u00edticas p\u00fablicas, com inadequa\u00e7\u00e3o entre recursos e Plano Nacional de Cultura, al\u00e9m de instala\u00e7\u00e3o prec\u00e1ria do Sistema Nacional de Cultura; inefici\u00eancia em contratos de TI (considerados sem economicidade ou efic\u00e1cia pelo TCU) e a aus\u00eancia de um sistema nacional de indicadores culturais, agravada pela falta de digitaliza\u00e7\u00e3o de documentos, muitos ainda em papel.<\/p>\n<p>&nbsp;<\/p>\n<p dir=\"ltr\">Principais achados, irregularidades e contradi\u00e7\u00f5es<\/p>\n<p dir=\"ltr\">O estudo tamb\u00e9m revela 26.086 projetos da Lei Rouanet sem presta\u00e7\u00e3o de contas, enquanto o MinC afirma ter regularizado apenas 5 mil, mas auditorias indicam inconsist\u00eancias. Entre 2023 e 2024, houve um aumento de 255% na aprova\u00e7\u00e3o de projetos (R$ 34,4 bilh\u00f5es liberados) sem detalhamento do saldo pendente. Somando outros programas (de FNC, FSA, Rouanet, LAB, LPG, PNAB, TEDs), o passivo pode ultrapassar R$ 40 bilh\u00f5es liberados mas n\u00e3o fiscalizados.<\/p>\n<p>&nbsp;<\/p>\n<p dir=\"ltr\">Auditorias tamb\u00e9m afirmam que MinC n\u00e3o consegue comprovar o nexo causal entre o que \u00e9 aprovado nos projetos, e a aplica\u00e7\u00e3o de recursos com os produtos finais apresentados. Outro destaque \u00e9 o corte de 84% no or\u00e7amento da Pol\u00edtica Nacional Aldir Blanc (PNAB), atribu\u00eddo a falhas administrativas. O minist\u00e9rio tamb\u00e9m apresenta falha na gest\u00e3o de pessoas, com cargos comissionados ocupados por profissionais sem qualifica\u00e7\u00e3o adequada. O relat\u00f3rio completo est\u00e1 dispon\u00edvel publicamente no\u00a0<a href=\"https:\/\/linktr.ee\/Minc40anosRelatorio\" target=\"_blank\" rel=\"noopener\" data-saferedirecturl=\"https:\/\/www.google.com\/url?q=https:\/\/linktr.ee\/Minc40anosRelatorio&amp;source=gmail&amp;ust=1743365746150000&amp;usg=AOvVaw386JQGXITL2zeD6l-3_TBD\">https:\/\/linktr.ee\/<wbr \/>Minc40anosRelatorio<\/a>.<\/p>\n<p dir=\"ltr\"><strong>Reforma urgente para salvar pol\u00edticas culturais<\/strong><\/p>\n<p dir=\"ltr\">O OCB alerta que pol\u00edticas como a PNAB continuar\u00e3o vulner\u00e1veis enquanto o MinC n\u00e3o resolver suas falhas hist\u00f3ricas. \u201cO Minist\u00e9rio se sustenta apenas sendo um site e uma plataforma de cadastro de projetos\u201d, comentam colaboradores do OCB. O estudo recomenda medidas urgentes: implanta\u00e7\u00e3o de sistemas digitais para fiscaliza\u00e7\u00e3o em tempo real, crit\u00e9rios t\u00e9cnicos para ocupa\u00e7\u00e3o de cargos e transpar\u00eancia ativa sobre gastos. &#8220;Sem mudan\u00e7as estruturais, o minist\u00e9rio seguir\u00e1 incapaz de proteger e fomentar adequadamente a cultura brasileira&#8221;, conclui o relat\u00f3rio.<\/p>\n<div class=\"yj6qo\"><\/div>\n<div class=\"adL\"><\/div>\n","protected":false},"excerpt":{"rendered":"<p>O Observat\u00f3rio da Cultura do Brasil (OCB) revela em seu relat\u00f3rio que os cortes de 84% no or\u00e7amento da Pol\u00edtica Nacional Aldir Blanc (PNAB) em 2025 &#8211; que com a redu\u00e7\u00e3o passou de R$ 3 bilh\u00f5es para R$ 478 milh\u00f5es &#8211; s\u00e3o consequ\u00eancia direta de problemas estruturais na gest\u00e3o do Minist\u00e9rio da Cultura (MinC). Corte &hellip;<\/p>\n","protected":false},"author":3,"featured_media":76015,"comment_status":"closed","ping_status":"open","sticky":false,"template":"","format":"standard","meta":{"_exactmetrics_skip_tracking":false,"_exactmetrics_sitenote_active":false,"_exactmetrics_sitenote_note":"","_exactmetrics_sitenote_category":0,"footnotes":""},"categories":[32],"tags":[],"_links":{"self":[{"href":"https:\/\/goiasemtempo.com.br\/home\/wp-json\/wp\/v2\/posts\/76014"}],"collection":[{"href":"https:\/\/goiasemtempo.com.br\/home\/wp-json\/wp\/v2\/posts"}],"about":[{"href":"https:\/\/goiasemtempo.com.br\/home\/wp-json\/wp\/v2\/types\/post"}],"author":[{"embeddable":true,"href":"https:\/\/goiasemtempo.com.br\/home\/wp-json\/wp\/v2\/users\/3"}],"replies":[{"embeddable":true,"href":"https:\/\/goiasemtempo.com.br\/home\/wp-json\/wp\/v2\/comments?post=76014"}],"version-history":[{"count":1,"href":"https:\/\/goiasemtempo.com.br\/home\/wp-json\/wp\/v2\/posts\/76014\/revisions"}],"predecessor-version":[{"id":76016,"href":"https:\/\/goiasemtempo.com.br\/home\/wp-json\/wp\/v2\/posts\/76014\/revisions\/76016"}],"wp:featuredmedia":[{"embeddable":true,"href":"https:\/\/goiasemtempo.com.br\/home\/wp-json\/wp\/v2\/media\/76015"}],"wp:attachment":[{"href":"https:\/\/goiasemtempo.com.br\/home\/wp-json\/wp\/v2\/media?parent=76014"}],"wp:term":[{"taxonomy":"category","embeddable":true,"href":"https:\/\/goiasemtempo.com.br\/home\/wp-json\/wp\/v2\/categories?post=76014"},{"taxonomy":"post_tag","embeddable":true,"href":"https:\/\/goiasemtempo.com.br\/home\/wp-json\/wp\/v2\/tags?post=76014"}],"curies":[{"name":"wp","href":"https:\/\/api.w.org\/{rel}","templated":true}]}}