{"id":75972,"date":"2025-03-26T12:46:26","date_gmt":"2025-03-26T12:46:26","guid":{"rendered":"https:\/\/goiasemtempo.com.br\/home\/?p=75972"},"modified":"2025-03-26T12:47:57","modified_gmt":"2025-03-26T12:47:57","slug":"humilhado-brasil-da-vexame-e-amassado-pela-argentina-e-aumenta-pressao-em-dorival-jr","status":"publish","type":"post","link":"https:\/\/goiasemtempo.com.br\/home\/humilhado-brasil-da-vexame-e-amassado-pela-argentina-e-aumenta-pressao-em-dorival-jr\/","title":{"rendered":"Humilhado, Brasil d\u00e1 vexame, \u00e9 amassado pela Argentina e aumenta press\u00e3o em Dorival Jr."},"content":{"rendered":"<div class=\"article-body\">\n<p>O Brasil\u00a0 \u00a0deu vexame e foi goleado por 4 a 1 pela Argentina , nesta ter\u00e7a-feira (25), em pleno Monumental de N\u00fa\u00f1ez, em Buenos Aires, no Supercl\u00e1ssico das Am\u00e9ricas v\u00e1lido pela 14\u00aa rodada das eliminat\u00f3rias<strong>.<\/strong><\/p>\n<p>Em uma de suas piores atua\u00e7\u00f5es nos \u00faltimos anos, a sele\u00e7\u00e3o brasileira foi amassada pela\u00a0<em>Albiceleste,<\/em>\u00a0amargou a pior derrota na hist\u00f3ria da competi\u00e7\u00e3o<em>\u00a0<\/em>e viu press\u00e3o em cima do t\u00e9cnico\u00a0<strong>Dorival Jr.<\/strong>\u00a0aumentar.<\/p>\n<aside class=\"inline float-r inline-track\">Em campo, <strong>Juli\u00e1n \u00c1lvarez<\/strong>,\u00a0<strong>Enzo Fern\u00e1ndez<\/strong>,<strong>\u00a0Mac Allister\u00a0<\/strong>e\u00a0<strong>Giuliano Simeone\u00a0<\/strong>marcaram para os\u00a0<em>hermanos<\/em>, enquanto\u00a0<strong>Matheus Cunha<\/strong>\u00a0descontou para os brasileiros.<\/aside>\n<p>O p\u00e9ssimo resultado fez a Canarinho cair para a\u00a0<strong>4\u00aa\u00a0<\/strong>coloca\u00e7\u00e3o, com\u00a0<strong>21\u00a0<\/strong>pontos. A equipe verde e amarela encerra a Data Fifa de mar\u00e7o com uma vit\u00f3ria e uma derrota.<\/p>\n<p>J\u00e1 atual campe\u00e3, classificada com anteced\u00eancia para a Copa do Mundo de 2026, aparece no topo com <strong>31\u00a0<\/strong>pontos, oito a mais que o Equador ,\u00a0<strong>2\u00ba\u00a0<\/strong>colocado, e sem saber o que \u00e9 perder h\u00e1 quatro jogos.<\/p>\n<p>Tamb\u00e9m foi o placar mais el\u00e1stico favor\u00e1vel ao lado dos argentinos desde 1964, ano em que venceram o Brasil por 3 a 0 na Ta\u00e7a das Na\u00e7\u00f5es, torneio organizado pela CBF e que tamb\u00e9m teve a participa\u00e7\u00e3o de Inglaterra e Portugal.<\/p>\n<p>A partida de 61 anos atr\u00e1s teve Pel\u00e9 em campo, mas a presen\u00e7a do Rei de Futebol n\u00e3o foi suficiente para impedir a vit\u00f3ria dominante dos rivais no Est\u00e1dio do Pacaembu. Roberto Telch, duas vezes, e Ermindo Onega marcaram os gols argentinos.<\/p>\n<header id=\"siteHeader\" data-ds-component=\"header\">\n<div class=\"after-header\">\n<div class=\"ticker-container max-w-full overflow-y-hidden max-h-10\" data-ds-element=\"ticker-marquee\">\n<div>\n<div class=\"marquee relative overflow-hidden w-full h-8\">\n<div class=\"rfm-marquee-container \">\n<div class=\"rfm-marquee\">\n<div class=\"rfm-initial-child-container\">\n<div class=\"rfm-child\"><\/div>\n<\/div>\n<\/div>\n<\/div>\n<\/div>\n<\/div>\n<\/div>\n<\/div>\n<\/header>\n<div class=\"lg:flex justify-between items-center max-w-screen-lg mx-auto pb-4 mb-6 px-6 xl:px-0 border-0 md:border-b\">\n<div class=\"mb-4 lg:mb-0\">\n<div class=\"lg:flex items-center\" data-ds-component=\"author-small\">\n<div class=\"lg:flex-auto\">\n<p class=\"im-mob-core-description lg:im-web-core-description text-wl-neutral-600\">\n<\/div>\n<\/div>\n<\/div>\n<\/div>\n<div class=\"px-6 md:px-0\">\n<figure class=\"mx-auto my-6 mx-auto space-y-3 max-w-2xl\" data-ds-component=\"media\"><img decoding=\"async\" class=\"rounded-sm w-full\" src=\"https:\/\/www.infomoney.com.br\/wp-content\/uploads\/2025\/03\/2025-03-26T004402Z_541546347_UP1EL3Q021C6R_RTRMADP_3_SOCCER-WORLDCUP-ARG-BRA-REPORT.jpg?fit=1280%2C817&amp;quality=70&amp;strip=all\" srcset=\"https:\/\/www.infomoney.com.br\/wp-content\/uploads\/2025\/03\/2025-03-26T004402Z_541546347_UP1EL3Q021C6R_RTRMADP_3_SOCCER-WORLDCUP-ARG-BRA-REPORT.jpg?w=1920&amp;quality=70&amp;strip=all 1920w, https:\/\/www.infomoney.com.br\/wp-content\/uploads\/2025\/03\/2025-03-26T004402Z_541546347_UP1EL3Q021C6R_RTRMADP_3_SOCCER-WORLDCUP-ARG-BRA-REPORT.jpg?w=300&amp;quality=70&amp;strip=all 300w, https:\/\/www.infomoney.com.br\/wp-content\/uploads\/2025\/03\/2025-03-26T004402Z_541546347_UP1EL3Q021C6R_RTRMADP_3_SOCCER-WORLDCUP-ARG-BRA-REPORT.jpg?w=768&amp;quality=70&amp;strip=all 768w, https:\/\/www.infomoney.com.br\/wp-content\/uploads\/2025\/03\/2025-03-26T004402Z_541546347_UP1EL3Q021C6R_RTRMADP_3_SOCCER-WORLDCUP-ARG-BRA-REPORT.jpg?w=1280&amp;quality=70&amp;strip=all 1280w, https:\/\/www.infomoney.com.br\/wp-content\/uploads\/2025\/03\/2025-03-26T004402Z_541546347_UP1EL3Q021C6R_RTRMADP_3_SOCCER-WORLDCUP-ARG-BRA-REPORT.jpg?w=1536&amp;quality=70&amp;strip=all 1536w, https:\/\/www.infomoney.com.br\/wp-content\/uploads\/2025\/03\/2025-03-26T004402Z_541546347_UP1EL3Q021C6R_RTRMADP_3_SOCCER-WORLDCUP-ARG-BRA-REPORT.jpg?w=150&amp;quality=70&amp;strip=all 150w\" alt=\"Futebol Futebol - Copa do Mundo - Eliminat\u00f3rias Sul-Americanas - Argentina x Brasil - Est\u00e1dio Mas Monumental, Buenos Aires, Argentina - 25 de mar\u00e7o de 2025 Vinicius Junior e Rodrygo, do Brasil, parecem abatidos ap\u00f3s o segundo gol da Argentina marcado por Enzo Fernandez REUTERS\/Rodrigo Valle\" \/><figcaption class=\"text-xs text-wl-neutral-500\">\u00a0Eliminat\u00f3rias Sul-Americanas &#8211; Argentina x Brasil &#8211; Est\u00e1dio Mas Monumental, Buenos Aires, Argentina &#8211; 25 de mar\u00e7o de 2025 Vinicius Junior e Rodrygo, do Brasil, parecem abatidos ap\u00f3s o segundo gol da Argentina marcado por Enzo Fernandez REUTERS\/Rodrigo Valle<\/figcaption><\/figure>\n<\/div>\n<article class=\"im-article clear-fix\" data-ds-component=\"article\">\n<div class=\"relative [&amp;_iframe]:mx-auto z-0 md:mr-[calc((100%-42rem)\/2)] ml-6 mb-6 mt-2 md:float-right flex flex-col lg:min-w-[300px] lg:max-w-[300px] bg-wl-neutral-50 min-h-[282px]\" data-ds-component=\"ad\" data-ad-type=\"RETANGULO_AF\">\n<div id=\"RETANGULO_AF-1\" data-component-type=\"ads\" data-ads-type=\"RETANGULO_AF\" data-google-query-id=\"CIWWicvip4wDFTlRuAQdjQQxyg\">\n<div id=\"google_ads_iframe_\/8003922\/RETANGULO_AF_0__container__\"><\/div>\n<\/div>\n<p class=\"py-2 mt-auto text-wl-neutral-500 text-xs text-center\">Tamb\u00e9m foi o placar mais el\u00e1stico favor\u00e1vel ao lado dos argentinos desde 1964, ano em que venceram o Brasil por 3 a 0 na Ta\u00e7a das Na\u00e7\u00f5es, torneio organizado pela CBF e que tamb\u00e9m teve a participa\u00e7\u00e3o de Inglaterra e Portugal.<\/p>\n<\/div>\n<p>A partida de 61 anos atr\u00e1s teve Pel\u00e9 em campo, mas a presen\u00e7a do Rei de Futebol n\u00e3o foi suficiente para impedir a vit\u00f3ria dominante dos rivais no Est\u00e1dio do Pacaembu. Roberto Telch, duas vezes, e Ermindo Onega marcaram os gols argentinos.<\/p>\n<div class=\"cta-middle\">\n<div class=\"im-cta\">\n<div class=\"max-w-2xl mx-auto space-y-4 px-6 xl:px-0 my-10\">\n<section class=\"border-8 border-blue-50 rounded-lg pb-6\">\n<div class=\"px-6\"><\/div>\n<div class=\"mt-6 px-6\">\n<div class=\"max-w-md mx-auto\">\n<div class=\"mt-4\">O Brasil estava escalado com Gilmar, Brito, Joel Camargo, Carlos Alberto, Roberto Dias, Rildo, Gerson, Julinho, Pel\u00e9, Rinaldo, Vava. J\u00e1 a Argentina foi a campo com Amadeo Carrizo, Jos\u00e9 Ramos Delgado, Antonio Rattin, Ermindo Onega, Alberto Rendo, Jos\u00e9 Varacka, Angel Rojas, Jos\u00e9 Agustin Messiano (Roberto Telch), Pedro Prospetti, Carmelo Simeone, e J Vieites.<\/div>\n<\/div>\n<\/div>\n<\/section>\n<\/div>\n<\/div>\n<\/div>\n<p>Nos \u00faltimos anos, a sele\u00e7\u00e3o chegou a sofrer quatro gols, mas fez dois, em derrota por 4 a 2 para o Senegal, em amistoso no qual o time era comandado interinamente por Ramon Menezes.<\/p>\n<p>Em duelos com a Argentina, as piores goleadas j\u00e1 sofridas pelo Brasil datam do per\u00edodo em que o Pa\u00eds ainda n\u00e3o era campe\u00e3o mundial. Tanto em 1939 quanto em 1940, perdeu por 5 a 1 para os arquirrivais, em jogos da Copa Rocca, como era conhecido o Supercl\u00e1ssico das Am\u00e9ricas.<\/p>\n<\/article>\n<p>&nbsp;<\/p>\n<aside class=\"inline inline-photo full\">\n<figure><picture><source srcset=\"https:\/\/a4.espncdn.com\/combiner\/i?img=%2Fphoto%2F2025%2F0326%2Fr1469379_1296x729_16%2D9.jpg&amp;w=570&amp;format=jpg, https:\/\/a4.espncdn.com\/combiner\/i?img=%2Fphoto%2F2025%2F0326%2Fr1469379_1296x729_16%2D9.jpg&amp;w=1140&amp;cquality=40&amp;format=jpg 2x\" media=\"(min-width: 376px)\" data-srcset=\"https:\/\/a4.espncdn.com\/combiner\/i?img=%2Fphoto%2F2025%2F0326%2Fr1469379_1296x729_16%2D9.jpg&amp;w=570&amp;format=jpg, https:\/\/a4.espncdn.com\/combiner\/i?img=%2Fphoto%2F2025%2F0326%2Fr1469379_1296x729_16%2D9.jpg&amp;w=1140&amp;cquality=40&amp;format=jpg 2x\" \/><source srcset=\"https:\/\/a4.espncdn.com\/combiner\/i?img=%2Fphoto%2F2025%2F0326%2Fr1469379_1296x729_16%2D9.jpg&amp;w=375, https:\/\/a4.espncdn.com\/combiner\/i?img=%2Fphoto%2F2025%2F0326%2Fr1469379_1296x729_16%2D9.jpg&amp;w=750&amp;cquality=40&amp;format=jpg 2x\" media=\"(max-width: 375px)\" data-srcset=\"https:\/\/a4.espncdn.com\/combiner\/i?img=%2Fphoto%2F2025%2F0326%2Fr1469379_1296x729_16%2D9.jpg&amp;w=375, https:\/\/a4.espncdn.com\/combiner\/i?img=%2Fphoto%2F2025%2F0326%2Fr1469379_1296x729_16%2D9.jpg&amp;w=750&amp;cquality=40&amp;format=jpg 2x\" \/><img fetchpriority=\"high\" class=\"imageLoaded lazyloaded\" width=\"570\" height=\"320\" data-image-container=\".inline-photo\" \/><\/picture><figcaption class=\"photoCaption\">Raphinha durante Argentina x Brasil pelas eliminat\u00f3rias\u00a0<cite>Abner Dourado\/Pera Photo Press\/Gazeta Press<\/cite><\/figcaption><\/figure>\n<\/aside>\n<ul>\n<li><\/li>\n<\/ul>\n<\/div>\n","protected":false},"excerpt":{"rendered":"<p>O Brasil\u00a0 \u00a0deu vexame e foi goleado por 4 a 1 pela Argentina , nesta ter\u00e7a-feira (25), em pleno Monumental de N\u00fa\u00f1ez, em Buenos Aires, no Supercl\u00e1ssico das Am\u00e9ricas v\u00e1lido pela 14\u00aa rodada das eliminat\u00f3rias. Em uma de suas piores atua\u00e7\u00f5es nos \u00faltimos anos, a sele\u00e7\u00e3o brasileira foi amassada pela\u00a0Albiceleste,\u00a0amargou a pior derrota na hist\u00f3ria &hellip;<\/p>\n","protected":false},"author":3,"featured_media":75973,"comment_status":"closed","ping_status":"open","sticky":false,"template":"","format":"standard","meta":{"_exactmetrics_skip_tracking":false,"_exactmetrics_sitenote_active":false,"_exactmetrics_sitenote_note":"","_exactmetrics_sitenote_category":0,"footnotes":""},"categories":[457],"tags":[],"_links":{"self":[{"href":"https:\/\/goiasemtempo.com.br\/home\/wp-json\/wp\/v2\/posts\/75972"}],"collection":[{"href":"https:\/\/goiasemtempo.com.br\/home\/wp-json\/wp\/v2\/posts"}],"about":[{"href":"https:\/\/goiasemtempo.com.br\/home\/wp-json\/wp\/v2\/types\/post"}],"author":[{"embeddable":true,"href":"https:\/\/goiasemtempo.com.br\/home\/wp-json\/wp\/v2\/users\/3"}],"replies":[{"embeddable":true,"href":"https:\/\/goiasemtempo.com.br\/home\/wp-json\/wp\/v2\/comments?post=75972"}],"version-history":[{"count":2,"href":"https:\/\/goiasemtempo.com.br\/home\/wp-json\/wp\/v2\/posts\/75972\/revisions"}],"predecessor-version":[{"id":75975,"href":"https:\/\/goiasemtempo.com.br\/home\/wp-json\/wp\/v2\/posts\/75972\/revisions\/75975"}],"wp:featuredmedia":[{"embeddable":true,"href":"https:\/\/goiasemtempo.com.br\/home\/wp-json\/wp\/v2\/media\/75973"}],"wp:attachment":[{"href":"https:\/\/goiasemtempo.com.br\/home\/wp-json\/wp\/v2\/media?parent=75972"}],"wp:term":[{"taxonomy":"category","embeddable":true,"href":"https:\/\/goiasemtempo.com.br\/home\/wp-json\/wp\/v2\/categories?post=75972"},{"taxonomy":"post_tag","embeddable":true,"href":"https:\/\/goiasemtempo.com.br\/home\/wp-json\/wp\/v2\/tags?post=75972"}],"curies":[{"name":"wp","href":"https:\/\/api.w.org\/{rel}","templated":true}]}}