{"id":7597,"date":"2017-12-28T14:59:23","date_gmt":"2017-12-28T14:59:23","guid":{"rendered":"http:\/\/goiasemtempo.com.br\/home\/?p=7597"},"modified":"2017-12-28T14:59:23","modified_gmt":"2017-12-28T14:59:23","slug":"constituinte-venezuelana-elimina-prefeitura-de-caracas-2","status":"publish","type":"post","link":"https:\/\/goiasemtempo.com.br\/home\/constituinte-venezuelana-elimina-prefeitura-de-caracas-2\/","title":{"rendered":"Constituinte venezuelana elimina prefeitura de Caracas"},"content":{"rendered":"<p>A Assembleia Constituinte venezuelana decidiu nesta quarta-feira (20) eliminar a prefeitura de Caracas, governada na \u00faltima d\u00e9cada pela oposi\u00e7\u00e3o, alegando que ele deixou de cumprir o papel para o qual foi criada.<\/p>\n<p>Mediante um decreto, o \u00f3rg\u00e3o que rege o pa\u00eds como um suprapoder e integrado apenas pela situa\u00e7\u00e3o, tamb\u00e9m suprimiu a prefeitura do Distrito Alto Apure, sob o controle de um dissidente do chavismo.<\/p>\n<p>O constituinte Juan Carlos Alem\u00e1n assegurou que a entidade da capital perdeu sua raz\u00e3o de existir depois da implementa\u00e7\u00e3o do chamado Governo do Distrito Capital da Rep\u00fablica, que assumiu suas compet\u00eancias.<\/p>\n<p>Tanto a prefeitura metropolitana, como o governo da capital, foram criados pela Constitui\u00e7\u00e3o de 1999, que ser\u00e1 reescrita, mas a elimina\u00e7\u00e3o de compet\u00eancias da primeira \u00e9 considerada pela oposi\u00e7\u00e3o como uma maneira de boicotear seu trabalho.<\/p>\n<p>O medo do governo \u00e9 ter na prefeitura um funcion\u00e1rio com mais popularidade que o presidente, disse \u00e0 AFP Diego Arria, ex-governador de Caracas, cargo que n\u00e3o existe mais.<\/p>\n<p>A prefeitura foi assumida por Antonio Ledezma em 2008, sendo reeleito por mais cinco anos em 2013. Entretanto, em fevereiro de 2015 foi detido, acusado de conspirar contra o presidente Nicol\u00e1s Maduro, e no m\u00eas passado escapou de sua pris\u00e3o domiciliar para a Espanha.<\/p>\n<p>O cargo n\u00e3o foi submetido a elei\u00e7\u00e3o na vota\u00e7\u00e3o de 10 de dezembro convocada pela Constituinte.<\/p>\n","protected":false},"excerpt":{"rendered":"<p>A Assembleia Constituinte venezuelana decidiu nesta quarta-feira (20) eliminar a prefeitura de Caracas, governada na \u00faltima d\u00e9cada pela oposi\u00e7\u00e3o, alegando que ele deixou de cumprir o papel para o qual foi criada. Mediante um decreto, o \u00f3rg\u00e3o que rege o pa\u00eds como um suprapoder e integrado apenas pela situa\u00e7\u00e3o, tamb\u00e9m suprimiu a prefeitura do Distrito &hellip;<\/p>\n","protected":false},"author":2,"featured_media":7024,"comment_status":"open","ping_status":"open","sticky":false,"template":"","format":"standard","meta":{"footnotes":""},"categories":[4],"tags":[],"class_list":["post-7597","post","type-post","status-publish","format-standard","has-post-thumbnail","hentry","category-ultimas-noticias"],"_links":{"self":[{"href":"https:\/\/goiasemtempo.com.br\/home\/wp-json\/wp\/v2\/posts\/7597","targetHints":{"allow":["GET"]}}],"collection":[{"href":"https:\/\/goiasemtempo.com.br\/home\/wp-json\/wp\/v2\/posts"}],"about":[{"href":"https:\/\/goiasemtempo.com.br\/home\/wp-json\/wp\/v2\/types\/post"}],"author":[{"embeddable":true,"href":"https:\/\/goiasemtempo.com.br\/home\/wp-json\/wp\/v2\/users\/2"}],"replies":[{"embeddable":true,"href":"https:\/\/goiasemtempo.com.br\/home\/wp-json\/wp\/v2\/comments?post=7597"}],"version-history":[{"count":1,"href":"https:\/\/goiasemtempo.com.br\/home\/wp-json\/wp\/v2\/posts\/7597\/revisions"}],"predecessor-version":[{"id":7598,"href":"https:\/\/goiasemtempo.com.br\/home\/wp-json\/wp\/v2\/posts\/7597\/revisions\/7598"}],"wp:featuredmedia":[{"embeddable":true,"href":"https:\/\/goiasemtempo.com.br\/home\/wp-json\/wp\/v2\/media\/7024"}],"wp:attachment":[{"href":"https:\/\/goiasemtempo.com.br\/home\/wp-json\/wp\/v2\/media?parent=7597"}],"wp:term":[{"taxonomy":"category","embeddable":true,"href":"https:\/\/goiasemtempo.com.br\/home\/wp-json\/wp\/v2\/categories?post=7597"},{"taxonomy":"post_tag","embeddable":true,"href":"https:\/\/goiasemtempo.com.br\/home\/wp-json\/wp\/v2\/tags?post=7597"}],"curies":[{"name":"wp","href":"https:\/\/api.w.org\/{rel}","templated":true}]}}