{"id":75925,"date":"2025-03-24T23:31:52","date_gmt":"2025-03-24T23:31:52","guid":{"rendered":"https:\/\/goiasemtempo.com.br\/home\/?p=75925"},"modified":"2025-03-24T23:32:13","modified_gmt":"2025-03-24T23:32:13","slug":"ex-secretario-de-saude-de-pires-do-rio-que-furou-fila-da-vacina-da-covid-e-condenado-pela-justica","status":"publish","type":"post","link":"https:\/\/goiasemtempo.com.br\/home\/ex-secretario-de-saude-de-pires-do-rio-que-furou-fila-da-vacina-da-covid-e-condenado-pela-justica\/","title":{"rendered":"Ex-secret\u00e1rio de Sa\u00fade de Pires do Rio que furou fila da vacina da Covid \u00e9 condenado pela Justi\u00e7a"},"content":{"rendered":"<p>O Minist\u00e9rio P\u00fablico de Goi\u00e1s (MPGO) obteve a condena\u00e7\u00e3o do ex-secret\u00e1rio de Sa\u00fade de Pires do Rio, Assis Silva Filho, ao pagamento de R$ 30 mil por danos morais coletivos por ter \u201cfurado\u201d a fila da vacina contra a Covid no ano de 2021.<\/p>\n<p>Conforme a a\u00e7\u00e3o civil p\u00fablica proposta pelo MP, ele determinou sua pr\u00f3pria imuniza\u00e7\u00e3o; a de sua esposa e de um casal, agindo em desrespeito com os planos nacional e estadual de imuniza\u00e7\u00e3o que vigoravam naquela ocasi\u00e3o em raz\u00e3o da pandemia.<\/p>\n<p>O promotor de Justi\u00e7a Fabr\u00edcio Roriz Hip\u00f3lito, titular da 2\u00aa Promotoria de Justi\u00e7a de Pires do Rio e autor da a\u00e7\u00e3o civil p\u00fablica, lembra que a primeira fase da vacina\u00e7\u00e3o no munic\u00edpio era destinada exclusivamente aos profissionais da sa\u00fade que atuavam na linha de frente do combate \u00e0 Covid-19, idosos institucionalizados e funcion\u00e1rios de institui\u00e7\u00f5es de longa perman\u00eancia para idosos. Nenhum dos vacinados por ordem do ex-secret\u00e1rio se enquadrava nestes crit\u00e9rios.<\/p>\n<p>Ele explica que Assis, apesar de ocupar o cargo de secret\u00e1rio de Sa\u00fade, n\u00e3o atuava diretamente no atendimento a pacientes. Sua esposa n\u00e3o tinha nenhum v\u00ednculo com a \u00e1rea da sa\u00fade. O casal tamb\u00e9m n\u00e3o teria justificativa para ser priorizado na vacina\u00e7\u00e3o.<\/p>\n<p>Desta forma, segundo o promotor, a conduta de Assis causou viola\u00e7\u00e3o, sobretudo, \u00e0 impessoalidade, \u00e0 moralidade e \u00e0 efici\u00eancia que se espera em cargos de gest\u00e3o no \u00e2mbito da administra\u00e7\u00e3o p\u00fablica. Portanto, conforme salientado pelo MP, a alega\u00e7\u00e3o dele de que teria agido por confus\u00e3o n\u00e3o se sustenta, especialmente porque teria sido advertido pelos servidores da sa\u00fade sobre a impossibilidade de vacina\u00e7\u00e3o daquelas pessoas naquele momento.<\/p>\n<p>No \u00e2mbito da ACP proposta pelo MP, o ju\u00edzo da Vara das Fazendas P\u00fablicas julgou procedente a a\u00e7\u00e3o, condenando o ex-secret\u00e1rio ao pagamento de indeniza\u00e7\u00e3o por dano moral coletivo no valor de R$ 50 mil, a ser revertido ao fundo de que trata o artigo 13 da Lei n.\u00ba 7.347\/85. Inconformado com a decis\u00e3o, Assis apelou contra a senten\u00e7a.<\/p>\n<p>No julgamento do recurso, a Quinta Turma Julgadora da Sexta C\u00e2mara C\u00edvel do TJGO, por unanimidade de votos, deu provimento parcial ao recurso, reduzindo a indeniza\u00e7\u00e3o para R$ 30 mil, seguindo o voto da relatora, desembargadora Roberta Nasser Leone.<\/p>\n<p>No entanto, o julgado rejeitou os argumentos da defesa quanto \u00e0 aus\u00eancia de fundamenta\u00e7\u00e3o da senten\u00e7a, manteve a condena\u00e7\u00e3o \u00e0 indeniza\u00e7\u00e3o e firmou a seguinte tese: \u201cA viola\u00e7\u00e3o dolosa da ordem de prioridade na vacina\u00e7\u00e3o contra Covid-19 por gestor p\u00fablico configura ato il\u00edcito causador de dano moral coletivo\u201d. Atuou em segundo grau pelo MP o procurador de Justi\u00e7a Abra\u00e3o J\u00fanior Miranda Coelho.<\/p>\n<p>O ac\u00f3rd\u00e3o do Tribunal de Justi\u00e7a do Estado de Goi\u00e1s (TJGO) ainda n\u00e3o transitou em julgado (ainda n\u00e3o se tornou definitivo, cabendo recurso).<\/p>\n","protected":false},"excerpt":{"rendered":"<p>O Minist\u00e9rio P\u00fablico de Goi\u00e1s (MPGO) obteve a condena\u00e7\u00e3o do ex-secret\u00e1rio de Sa\u00fade de Pires do Rio, Assis Silva Filho, ao pagamento de R$ 30 mil por danos morais coletivos por ter \u201cfurado\u201d a fila da vacina contra a Covid no ano de 2021. Conforme a a\u00e7\u00e3o civil p\u00fablica proposta pelo MP, ele determinou sua &hellip;<\/p>\n","protected":false},"author":3,"featured_media":75926,"comment_status":"closed","ping_status":"open","sticky":false,"template":"","format":"standard","meta":{"_exactmetrics_skip_tracking":false,"_exactmetrics_sitenote_active":false,"_exactmetrics_sitenote_note":"","_exactmetrics_sitenote_category":0,"footnotes":""},"categories":[7,26,4],"tags":[],"_links":{"self":[{"href":"https:\/\/goiasemtempo.com.br\/home\/wp-json\/wp\/v2\/posts\/75925"}],"collection":[{"href":"https:\/\/goiasemtempo.com.br\/home\/wp-json\/wp\/v2\/posts"}],"about":[{"href":"https:\/\/goiasemtempo.com.br\/home\/wp-json\/wp\/v2\/types\/post"}],"author":[{"embeddable":true,"href":"https:\/\/goiasemtempo.com.br\/home\/wp-json\/wp\/v2\/users\/3"}],"replies":[{"embeddable":true,"href":"https:\/\/goiasemtempo.com.br\/home\/wp-json\/wp\/v2\/comments?post=75925"}],"version-history":[{"count":2,"href":"https:\/\/goiasemtempo.com.br\/home\/wp-json\/wp\/v2\/posts\/75925\/revisions"}],"predecessor-version":[{"id":75928,"href":"https:\/\/goiasemtempo.com.br\/home\/wp-json\/wp\/v2\/posts\/75925\/revisions\/75928"}],"wp:featuredmedia":[{"embeddable":true,"href":"https:\/\/goiasemtempo.com.br\/home\/wp-json\/wp\/v2\/media\/75926"}],"wp:attachment":[{"href":"https:\/\/goiasemtempo.com.br\/home\/wp-json\/wp\/v2\/media?parent=75925"}],"wp:term":[{"taxonomy":"category","embeddable":true,"href":"https:\/\/goiasemtempo.com.br\/home\/wp-json\/wp\/v2\/categories?post=75925"},{"taxonomy":"post_tag","embeddable":true,"href":"https:\/\/goiasemtempo.com.br\/home\/wp-json\/wp\/v2\/tags?post=75925"}],"curies":[{"name":"wp","href":"https:\/\/api.w.org\/{rel}","templated":true}]}}