{"id":75873,"date":"2025-03-22T16:49:22","date_gmt":"2025-03-22T16:49:22","guid":{"rendered":"https:\/\/goiasemtempo.com.br\/home\/?p=75873"},"modified":"2025-03-22T16:49:22","modified_gmt":"2025-03-22T16:49:22","slug":"cerca-de-4-toneladas-de-fios-sao-retiradas-nos-primeiros-dias-da-reorganizacao-da-fiacao-aerea-de-anapolis","status":"publish","type":"post","link":"https:\/\/goiasemtempo.com.br\/home\/cerca-de-4-toneladas-de-fios-sao-retiradas-nos-primeiros-dias-da-reorganizacao-da-fiacao-aerea-de-anapolis\/","title":{"rendered":"Cerca de 4 toneladas de fios s\u00e3o retiradas nos primeiros dias da reorganiza\u00e7\u00e3o da fia\u00e7\u00e3o a\u00e9rea de An\u00e1polis"},"content":{"rendered":"<p>A reorganiza\u00e7\u00e3o da fia\u00e7\u00e3o a\u00e9rea come\u00e7ou na regi\u00e3o central de An\u00e1polis e, nos primeiros dias da a\u00e7\u00e3o, foram retiradas cerca de 4 toneladas de cabos inutilizados, permitindo a reorganiza\u00e7\u00e3o dos fios essenciais.<\/p>\n<p>O projeto integra a Opera\u00e7\u00e3o Cidade Limpa e tem como objetivo aumentar a seguran\u00e7a e prevenir acidentes, removendo cabos que representam riscos \u00e0 popula\u00e7\u00e3o \u2014 como pedestres, motoristas, motociclistas e comerciantes \u2014, al\u00e9m de reduzir a polui\u00e7\u00e3o visual e melhorar a est\u00e9tica da cidade.<\/p>\n<p>A iniciativa \u00e9 conduzida pela Prefeitura de An\u00e1polis, por meio da Secretaria de Habita\u00e7\u00e3o e Planejamento Urbano, e teve in\u00edcio na regi\u00e3o central, especificamente na Avenida Goi\u00e1s, pr\u00f3ximo \u00e0 Pra\u00e7a Bom Jesus. A previs\u00e3o \u00e9 que a a\u00e7\u00e3o se estenda para outras regi\u00f5es da cidade.<\/p>\n<p>Al\u00e9m disso, a Prefeitura notificou as empresas de telecomunica\u00e7\u00f5es, exigindo a regulariza\u00e7\u00e3o dos fios espalhados pelos postes e cal\u00e7adas do munic\u00edpio.<\/p>\n","protected":false},"excerpt":{"rendered":"<p>A reorganiza\u00e7\u00e3o da fia\u00e7\u00e3o a\u00e9rea come\u00e7ou na regi\u00e3o central de An\u00e1polis e, nos primeiros dias da a\u00e7\u00e3o, foram retiradas cerca de 4 toneladas de cabos inutilizados, permitindo a reorganiza\u00e7\u00e3o dos fios essenciais. O projeto integra a Opera\u00e7\u00e3o Cidade Limpa e tem como objetivo aumentar a seguran\u00e7a e prevenir acidentes, removendo cabos que representam riscos \u00e0 &hellip;<\/p>\n","protected":false},"author":3,"featured_media":75874,"comment_status":"closed","ping_status":"open","sticky":false,"template":"","format":"standard","meta":{"_exactmetrics_skip_tracking":false,"_exactmetrics_sitenote_active":false,"_exactmetrics_sitenote_note":"","_exactmetrics_sitenote_category":0,"footnotes":""},"categories":[15,480,19],"tags":[],"_links":{"self":[{"href":"https:\/\/goiasemtempo.com.br\/home\/wp-json\/wp\/v2\/posts\/75873"}],"collection":[{"href":"https:\/\/goiasemtempo.com.br\/home\/wp-json\/wp\/v2\/posts"}],"about":[{"href":"https:\/\/goiasemtempo.com.br\/home\/wp-json\/wp\/v2\/types\/post"}],"author":[{"embeddable":true,"href":"https:\/\/goiasemtempo.com.br\/home\/wp-json\/wp\/v2\/users\/3"}],"replies":[{"embeddable":true,"href":"https:\/\/goiasemtempo.com.br\/home\/wp-json\/wp\/v2\/comments?post=75873"}],"version-history":[{"count":1,"href":"https:\/\/goiasemtempo.com.br\/home\/wp-json\/wp\/v2\/posts\/75873\/revisions"}],"predecessor-version":[{"id":75875,"href":"https:\/\/goiasemtempo.com.br\/home\/wp-json\/wp\/v2\/posts\/75873\/revisions\/75875"}],"wp:featuredmedia":[{"embeddable":true,"href":"https:\/\/goiasemtempo.com.br\/home\/wp-json\/wp\/v2\/media\/75874"}],"wp:attachment":[{"href":"https:\/\/goiasemtempo.com.br\/home\/wp-json\/wp\/v2\/media?parent=75873"}],"wp:term":[{"taxonomy":"category","embeddable":true,"href":"https:\/\/goiasemtempo.com.br\/home\/wp-json\/wp\/v2\/categories?post=75873"},{"taxonomy":"post_tag","embeddable":true,"href":"https:\/\/goiasemtempo.com.br\/home\/wp-json\/wp\/v2\/tags?post=75873"}],"curies":[{"name":"wp","href":"https:\/\/api.w.org\/{rel}","templated":true}]}}