{"id":75870,"date":"2025-03-22T16:46:27","date_gmt":"2025-03-22T16:46:27","guid":{"rendered":"https:\/\/goiasemtempo.com.br\/home\/?p=75870"},"modified":"2025-03-22T16:46:27","modified_gmt":"2025-03-22T16:46:27","slug":"ex-vereador-gabriel-monteiro-e-solto-apos-decisao-e-devera-cumprir-medidas-cautelares","status":"publish","type":"post","link":"https:\/\/goiasemtempo.com.br\/home\/ex-vereador-gabriel-monteiro-e-solto-apos-decisao-e-devera-cumprir-medidas-cautelares\/","title":{"rendered":"Ex-vereador Gabriel Monteiro \u00e9 solto ap\u00f3s decis\u00e3o  e dever\u00e1 cumprir medidas cautelares"},"content":{"rendered":"<p data-t=\"{&quot;n&quot;:&quot;blueLinks&quot;}\">O ex-vereador Gabriel Monteiro foi solto na noite desta sexta-feira (21) por determina\u00e7\u00e3o do Superior Tribunal de Justi\u00e7a (STJ). O ex-parlamentar e ex-policial militar foi cassado pela C\u00e2mara dos Vereadores do Rio, em agosto de 2022. A sess\u00e3o foi realizada no dia 18 e durou seis horas e meia. Monteiro foi cassado por 48 votos favor\u00e1veis \u00e0 cassa\u00e7\u00e3o e dois votos contr\u00e1rios. Monteiro que tamb\u00e9m era policial militar foi expulso da corpora\u00e7\u00e3o.<\/p>\n<div class=\"intra-article-module\" data-t=\"{&quot;n&quot;:&quot;intraArticle&quot;,&quot;t&quot;:13}\">\n<div class=\"articlePageIntraArticleFullWidth ad-slot-placeholder cta-logo-intra-ad left-image-intra-ad\" data-ad-index=\"0\">\n<div class=\"intra-article-ad-full cta-logo-intra-ad left-image-intra-ad\">\n<div id=\"adnxs-5e98b08ea7ce4c01b26f\" class=\"left-image-intra-ad\">Ele deixou o pres\u00eddio de Bangu 8, no Complexo Penitenci\u00e1rio de Gericin\u00f3 e ter\u00e1 de cumprir medidas cautelares como usar tornozeleira eletr\u00f4nica e n\u00e3o deixar o Rio de Janeiro.<\/div>\n<div><\/div>\n<\/div>\n<\/div>\n<\/div>\n<p class=\"continue-read-break\" data-t=\"{&quot;n&quot;:&quot;blueLinks&quot;}\">O parlamentar foi julgado por quebra de decoro parlamentar por encena\u00e7\u00e3o com uma menor de idade em um shopping center, agress\u00e3o a um morador de rua convidado para a encena\u00e7\u00e3o de um roubo na Lapa, \u00e1rea bo\u00eamia do Rio e rela\u00e7\u00e3o sexual gravada em v\u00eddeo com uma menor de idade, que depois teve as imagens vazadas na internet. A estudante morava no mesmo condom\u00ednio que o vereador na Barra da Tijuca.<\/p>\n<p data-t=\"{&quot;n&quot;:&quot;blueLinks&quot;}\">Por meio de nota, a Secretaria de Administra\u00e7\u00e3o Penitenci\u00e1ria (Seap) informou que recebeu da Justi\u00e7a, no in\u00edcio da noite desta sexta-feira (21), o alvar\u00e1 de soltura de Gabriel Luiz Monteiro de Oliveira, e realizou os procedimentos de praxe para que o citado deixasse a pris\u00e3o.<\/p>\n","protected":false},"excerpt":{"rendered":"<p>O ex-vereador Gabriel Monteiro foi solto na noite desta sexta-feira (21) por determina\u00e7\u00e3o do Superior Tribunal de Justi\u00e7a (STJ). O ex-parlamentar e ex-policial militar foi cassado pela C\u00e2mara dos Vereadores do Rio, em agosto de 2022. A sess\u00e3o foi realizada no dia 18 e durou seis horas e meia. Monteiro foi cassado por 48 votos &hellip;<\/p>\n","protected":false},"author":3,"featured_media":75871,"comment_status":"closed","ping_status":"open","sticky":false,"template":"","format":"standard","meta":{"_exactmetrics_skip_tracking":false,"_exactmetrics_sitenote_active":false,"_exactmetrics_sitenote_note":"","_exactmetrics_sitenote_category":0,"footnotes":""},"categories":[4],"tags":[],"_links":{"self":[{"href":"https:\/\/goiasemtempo.com.br\/home\/wp-json\/wp\/v2\/posts\/75870"}],"collection":[{"href":"https:\/\/goiasemtempo.com.br\/home\/wp-json\/wp\/v2\/posts"}],"about":[{"href":"https:\/\/goiasemtempo.com.br\/home\/wp-json\/wp\/v2\/types\/post"}],"author":[{"embeddable":true,"href":"https:\/\/goiasemtempo.com.br\/home\/wp-json\/wp\/v2\/users\/3"}],"replies":[{"embeddable":true,"href":"https:\/\/goiasemtempo.com.br\/home\/wp-json\/wp\/v2\/comments?post=75870"}],"version-history":[{"count":1,"href":"https:\/\/goiasemtempo.com.br\/home\/wp-json\/wp\/v2\/posts\/75870\/revisions"}],"predecessor-version":[{"id":75872,"href":"https:\/\/goiasemtempo.com.br\/home\/wp-json\/wp\/v2\/posts\/75870\/revisions\/75872"}],"wp:featuredmedia":[{"embeddable":true,"href":"https:\/\/goiasemtempo.com.br\/home\/wp-json\/wp\/v2\/media\/75871"}],"wp:attachment":[{"href":"https:\/\/goiasemtempo.com.br\/home\/wp-json\/wp\/v2\/media?parent=75870"}],"wp:term":[{"taxonomy":"category","embeddable":true,"href":"https:\/\/goiasemtempo.com.br\/home\/wp-json\/wp\/v2\/categories?post=75870"},{"taxonomy":"post_tag","embeddable":true,"href":"https:\/\/goiasemtempo.com.br\/home\/wp-json\/wp\/v2\/tags?post=75870"}],"curies":[{"name":"wp","href":"https:\/\/api.w.org\/{rel}","templated":true}]}}