{"id":75812,"date":"2025-03-17T19:59:56","date_gmt":"2025-03-17T19:59:56","guid":{"rendered":"https:\/\/goiasemtempo.com.br\/home\/?p=75812"},"modified":"2025-03-17T20:01:34","modified_gmt":"2025-03-17T20:01:34","slug":"pai-mata-filho-de-9-anos-e-diz-que-cometeu-o-crime-por-nao-reatar-com-ex-em-mg","status":"publish","type":"post","link":"https:\/\/goiasemtempo.com.br\/home\/pai-mata-filho-de-9-anos-e-diz-que-cometeu-o-crime-por-nao-reatar-com-ex-em-mg\/","title":{"rendered":"Pai mata filho de 9 anos e diz que cometeu o crime por n\u00e3o reatar com a ex , em MG"},"content":{"rendered":"<div id=\"chunk-8jej6\">\n<div class=\"mc-column content-text active-extra-styles \" data-block-type=\"unstyled\" data-block-weight=\"65\" data-block-id=\"3\">\n<p class=\" content-text__container \" data-track-category=\"Link no Texto\" data-track-links=\"\" data-mrf-recirculation=\"Mat\u00e9ria - Links no Texto\">O corpo de Gabriel Santos Miranda, de 9 anos, foi encontrado em uma mata neste s\u00e1bado (15), na comunidade de V\u00e1rzea do Santo Ant\u00f4nio, em\u00a0<a class=\"\" href=\"https:\/\/g1.globo.com\/mg\/vales-mg\/cidade\/itamarandiba\/\" data-mrf-link=\"https:\/\/g1.globo.com\/mg\/vales-mg\/cidade\/itamarandiba\/\">Itamarandiba<\/a>. Segundo a Pol\u00edcia Militar, o pai da crian\u00e7a, Geraldo Aparecido Alves Miranda, de 50 anos, mandou um \u00e1udio para familiares avisando que havia matado o filho por n\u00e3o conseguir reatar com a m\u00e3e da crian\u00e7a. Ele \u00e9 considerado foragido.<\/p>\n<\/div>\n<\/div>\n<div class=\"wall protected-content\">\n<div id=\"chunk-93h83\">\n<div class=\"mc-column content-text active-extra-styles \" data-block-type=\"unstyled\" data-block-weight=\"12\" data-block-id=\"5\">\n<p class=\" content-text__container \" data-track-category=\"Link no Texto\" data-track-links=\"\" data-mrf-recirculation=\"Mat\u00e9ria - Links no Texto\">De acordo com a PM, o desaparecimento de pai e filho foi informado pelo Conselho Tutelar do munic\u00edpio, nessa sexta-feira (14). Aos militares, a denunciante informou que os familiares da crian\u00e7a haviam recebido um \u00e1udio do pai do menino, por meio de um aplicativo de mensagens, onde ele relatava que teria matado Gabriel e que tiraria a pr\u00f3pria vida. Na mensagem, Geraldo apontou o poss\u00edvel paradeiro dele.<\/p>\n<\/div>\n<\/div>\n<div id=\"chunk-eml1n\">\n<div class=\"content-ads content-ads--reveal\" data-block-type=\"ads\" data-block-id=\"7\"><\/div>\n<\/div>\n<div id=\"chunk-14j78\">\n<div class=\"row medium-uncollapsed content-media content-photo\" data-block-type=\"backstage-photo\" data-block-id=\"8\">\n<div class=\" mc-column content-media__container\">\n<div class=\"content-media-container glb-skeleton-box\">\n<figure class=\"content-media-figure\"><img decoding=\"async\" class=\"i-amphtml-fill-content i-amphtml-replaced-content\" src=\"https:\/\/s2-g1.glbimg.com\/Ys5Dm_oGL_lcVM4pw0yg_wqt6a8=\/0x0:1920x1080\/984x0\/smart\/filters:strip_icc()\/i.s3.glbimg.com\/v1\/AUTH_59edd422c0c84a879bd37670ae4f538a\/internal_photos\/bs\/2025\/q\/h\/4dCdn9QDWjGlSpD7XYJg\/pai-mata-filho.jpg\" sizes=\"(max-width: 1366px) 648px, 100vw\" srcset=\"https:\/\/s2-g1.glbimg.com\/DifBf2rmq540_15013EzbwNycLg=\/0x0:1920x1080\/1000x0\/smart\/filters:strip_icc()\/i.s3.glbimg.com\/v1\/AUTH_59edd422c0c84a879bd37670ae4f538a\/internal_photos\/bs\/2025\/q\/h\/4dCdn9QDWjGlSpD7XYJg\/pai-mata-filho.jpg 1000w, https:\/\/s2-g1.glbimg.com\/Ys5Dm_oGL_lcVM4pw0yg_wqt6a8=\/0x0:1920x1080\/984x0\/smart\/filters:strip_icc()\/i.s3.glbimg.com\/v1\/AUTH_59edd422c0c84a879bd37670ae4f538a\/internal_photos\/bs\/2025\/q\/h\/4dCdn9QDWjGlSpD7XYJg\/pai-mata-filho.jpg 984w, https:\/\/s2-g1.glbimg.com\/hM9eEkifdOpNhzmg7UC3xI4EQKM=\/0x0:1920x1080\/640x0\/smart\/filters:strip_icc()\/i.s3.glbimg.com\/v1\/AUTH_59edd422c0c84a879bd37670ae4f538a\/internal_photos\/bs\/2025\/q\/h\/4dCdn9QDWjGlSpD7XYJg\/pai-mata-filho.jpg 640w, https:\/\/s2-g1.glbimg.com\/xxBDALTUo0Rljp_IFxgEEq5BGp0=\/0x0:1920x1080\/600x0\/smart\/filters:strip_icc()\/i.s3.glbimg.com\/v1\/AUTH_59edd422c0c84a879bd37670ae4f538a\/internal_photos\/bs\/2025\/q\/h\/4dCdn9QDWjGlSpD7XYJg\/pai-mata-filho.jpg 600w\" alt=\"Geraldo Aparecido Alves Miranda, de 50 anos, e o filho Gabriel Santos Miranda, de 9 anos. \u2014 Foto: Reprodu\u00e7\u00e3o\" \/><\/figure>\n<\/div>\n<p class=\"content-media__description \">Geraldo Aparecido Alves Miranda, de 50 anos, e o filho Gabriel Santos Miranda, de 9 anos. \u2014 Foto: Reprodu\u00e7\u00e3o<\/p>\n<\/div>\n<\/div>\n<\/div>\n<div id=\"chunk-dojat\">\n<div class=\"mc-column content-text active-extra-styles \" data-block-type=\"unstyled\" data-block-weight=\"70\" data-block-id=\"9\">\n<p class=\" content-text__container \" data-track-category=\"Link no Texto\" data-track-links=\"\" data-mrf-recirculation=\"Mat\u00e9ria - Links no Texto\">Depois de levantar as informa\u00e7\u00f5es, uma equipe da PM foi at\u00e9 o local indicado junto com o Corpo de Bombeiros e iniciaram as buscas pelos desaparecidos. Durante a procura, a corpora\u00e7\u00e3o foi informada que uma mulher teria recebido o pai e a crian\u00e7a na casa dela no dia 13 de mar\u00e7o. Ao chegarem no im\u00f3vel, a testemunha contou aos militares que alimentou os dois e que logo foram embora.<\/p>\n<\/div>\n<\/div>\n<div id=\"chunk-bcmt6\">\n<div class=\"mc-column content-text active-extra-styles \" data-block-type=\"unstyled\" data-block-weight=\"31\" data-block-id=\"10\">\n<p class=\" content-text__container \" data-track-category=\"Link no Texto\" data-track-links=\"\" data-mrf-recirculation=\"Mat\u00e9ria - Links no Texto\">Ap\u00f3s um intenso rastreamento pela comunidade, percorrendo diversos locais e trilhas, a pol\u00edcia foi avisada que um familiar de Gabriel havia encontrado o corpo dele em meio a uma mata.<\/p>\n<\/div>\n<\/div>\n<div id=\"chunk-20r7o\">\n<div class=\"content-ads content-ads--reveal\" data-block-type=\"ads\" data-block-id=\"11\">Segundo os militares, a morte da crian\u00e7a foi constatada no local. A v\u00edtima foi atingida com um tiro no ouvido de uma espingarda cal. 22.<\/div>\n<\/div>\n<div id=\"chunk-8a1rb\">\n<div class=\"mc-column content-text active-extra-styles \" data-block-type=\"unstyled\" data-block-weight=\"13\" data-block-id=\"13\">\n<p class=\" content-text__container \" data-track-category=\"Link no Texto\" data-track-links=\"\" data-mrf-recirculation=\"Mat\u00e9ria - Links no Texto\">A per\u00edcia foi acionada e encaminhou o corpo para o IML de Capelinha<\/p>\n<\/div>\n<\/div>\n<div id=\"chunk-9opdf\">\n<div class=\"mc-column content-text active-extra-styles \" data-block-type=\"unstyled\" data-block-weight=\"22\" data-block-id=\"14\">\n<p class=\" content-text__container \" data-track-category=\"Link no Texto\" data-track-links=\"\" data-mrf-recirculation=\"Mat\u00e9ria - Links no Texto\">Conforme a pol\u00edcia, Geraldo, principal suspeito do crime, possui v\u00e1rios registros de viol\u00eancia dom\u00e9stica, tendo sido preso em 2022 pelo crime.<\/p>\n<\/div>\n<\/div>\n<\/div>\n","protected":false},"excerpt":{"rendered":"<p>O corpo de Gabriel Santos Miranda, de 9 anos, foi encontrado em uma mata neste s\u00e1bado (15), na comunidade de V\u00e1rzea do Santo Ant\u00f4nio, em\u00a0Itamarandiba. Segundo a Pol\u00edcia Militar, o pai da crian\u00e7a, Geraldo Aparecido Alves Miranda, de 50 anos, mandou um \u00e1udio para familiares avisando que havia matado o filho por n\u00e3o conseguir reatar &hellip;<\/p>\n","protected":false},"author":3,"featured_media":75813,"comment_status":"closed","ping_status":"open","sticky":false,"template":"","format":"standard","meta":{"_exactmetrics_skip_tracking":false,"_exactmetrics_sitenote_active":false,"_exactmetrics_sitenote_note":"","_exactmetrics_sitenote_category":0,"footnotes":""},"categories":[33,4],"tags":[],"_links":{"self":[{"href":"https:\/\/goiasemtempo.com.br\/home\/wp-json\/wp\/v2\/posts\/75812"}],"collection":[{"href":"https:\/\/goiasemtempo.com.br\/home\/wp-json\/wp\/v2\/posts"}],"about":[{"href":"https:\/\/goiasemtempo.com.br\/home\/wp-json\/wp\/v2\/types\/post"}],"author":[{"embeddable":true,"href":"https:\/\/goiasemtempo.com.br\/home\/wp-json\/wp\/v2\/users\/3"}],"replies":[{"embeddable":true,"href":"https:\/\/goiasemtempo.com.br\/home\/wp-json\/wp\/v2\/comments?post=75812"}],"version-history":[{"count":2,"href":"https:\/\/goiasemtempo.com.br\/home\/wp-json\/wp\/v2\/posts\/75812\/revisions"}],"predecessor-version":[{"id":75815,"href":"https:\/\/goiasemtempo.com.br\/home\/wp-json\/wp\/v2\/posts\/75812\/revisions\/75815"}],"wp:featuredmedia":[{"embeddable":true,"href":"https:\/\/goiasemtempo.com.br\/home\/wp-json\/wp\/v2\/media\/75813"}],"wp:attachment":[{"href":"https:\/\/goiasemtempo.com.br\/home\/wp-json\/wp\/v2\/media?parent=75812"}],"wp:term":[{"taxonomy":"category","embeddable":true,"href":"https:\/\/goiasemtempo.com.br\/home\/wp-json\/wp\/v2\/categories?post=75812"},{"taxonomy":"post_tag","embeddable":true,"href":"https:\/\/goiasemtempo.com.br\/home\/wp-json\/wp\/v2\/tags?post=75812"}],"curies":[{"name":"wp","href":"https:\/\/api.w.org\/{rel}","templated":true}]}}