{"id":75711,"date":"2025-03-11T18:56:04","date_gmt":"2025-03-11T18:56:04","guid":{"rendered":"https:\/\/goiasemtempo.com.br\/home\/?p=75711"},"modified":"2025-03-11T18:56:04","modified_gmt":"2025-03-11T18:56:04","slug":"dupla-cria-perfil-falso-de-garota-de-programa-para-seduzir-pastor-e-divulga-imagens-intimas-dele-nas-redes-sociais-diz-policia","status":"publish","type":"post","link":"https:\/\/goiasemtempo.com.br\/home\/dupla-cria-perfil-falso-de-garota-de-programa-para-seduzir-pastor-e-divulga-imagens-intimas-dele-nas-redes-sociais-diz-policia\/","title":{"rendered":"Dupla cria perfil falso de garota de programa para seduzir pastor e divulga imagens \u00edntimas dele nas redes sociais, diz pol\u00edcia"},"content":{"rendered":"<p>A Pol\u00edcia Civil investiga um grupo suspeito de divulgar imagens \u00edntimas de um pastor nas redes sociais. Segundo a investiga\u00e7\u00e3o, os suspeitos teriam criado o<strong>\u00a0perfil falso de uma garota de programa para enganar a v\u00edtima<\/strong>\u00a0e depois publicaram o conte\u00fado obtido em p\u00e1ginas de not\u00edcia.<\/p>\n<div id=\"chunk-2lutk\">\n<div class=\"mc-column content-text active-extra-styles \" data-block-type=\"unstyled\" data-block-weight=\"52\" data-block-id=\"6\">\n<p class=\" content-text__container \" data-track-category=\"Link no Texto\" data-track-links=\"\" data-mrf-recirculation=\"Mat\u00e9ria - Links no Texto\">Mandados de busca e apreens\u00e3o foram cumpridos nesta ter\u00e7a-feira (11) em Palmas e Para\u00edso do Tocantins. Segundo a investiga\u00e7\u00e3o, os<span class=\"highlight highlighted\">\u00a0suspeitos tamb\u00e9m usaram perfis de not\u00edcia para divulgar as imagens e acusar falsamente a v\u00edtima de crime\u00a0<\/span>(suposto ass\u00e9dio a garota de programa). Mesmo utilizando perfis an\u00f4nimos, dois suspeitos foram identificados.<\/p>\n<\/div>\n<\/div>\n<div id=\"chunk-ck9rk\">\n<div class=\"content-ads content-ads--reveal\" data-block-type=\"ads\" data-block-id=\"7\">Conforme o delegado Ant\u00f4nio Onofre, os suspeitos t\u00eam 26 e 39 anos. Eles n\u00e3o tiveram os nomes divulgados.<\/div>\n<\/div>\n<div id=\"chunk-44aun\">\n<div class=\"mc-column content-text active-extra-styles \" data-block-type=\"unstyled\" data-block-weight=\"45\" data-block-id=\"9\">\n<p class=\" content-text__container \" data-track-category=\"Link no Texto\" data-track-links=\"\" data-mrf-recirculation=\"Mat\u00e9ria - Links no Texto\">A apura\u00e7\u00e3o da 6\u00aa Divis\u00e3o Especializada de Repress\u00e3o ao Crime Organizado (DEIC) apontou que um ex-membro de uma igreja em Para\u00edso do Tocantins,\u00a0<strong>insatisfeito com a administra\u00e7\u00e3o da institui\u00e7\u00e3o religiosa e com o pastor<\/strong>, criou o perfil falso se passando por uma garota de programa.<\/p>\n<p data-track-category=\"Link no Texto\" data-track-links=\"\" data-mrf-recirculation=\"Mat\u00e9ria - Links no Texto\">&#8220;Por meio desse perfil, o indiv\u00edduo enganou a v\u00edtima, convencendo-a a enviar imagens \u00edntimas. Posteriormente, essas imagens foram divulgadas em portais de not\u00edcias na internet com o objetivo claro de desmoralizar o l\u00edder religioso e a institui\u00e7\u00e3o \u00e0 qual ele pertence. Al\u00e9m disso, o autor ainda atribuiu falsamente ao l\u00edder a pr\u00e1tica de um crime que nunca ocorreu\u201d, disse o delegado.<\/p>\n<p data-track-category=\"Link no Texto\" data-track-links=\"\" data-mrf-recirculation=\"Mat\u00e9ria - Links no Texto\">Os mandados de busca e apreens\u00e3o foram cumpridos nos endere\u00e7os do criador do perfil falso, em Palmas, e do respons\u00e1vel pela divulga\u00e7\u00e3o das imagens, que mora em Para\u00edso.\u00a0<span class=\"highlight highlighted\">Segundo a Pol\u00edcia Civil, durante a abordagem, o criador do perfil falso confessou os crimes.<\/span><\/p>\n<div id=\"chunk-c4q1o\">\n<div class=\"mc-column content-text active-extra-styles \" data-block-type=\"unstyled\" data-block-weight=\"28\" data-block-id=\"15\">\n<p class=\" content-text__container \" data-track-category=\"Link no Texto\" data-track-links=\"\" data-mrf-recirculation=\"Mat\u00e9ria - Links no Texto\">Durante a Opera\u00e7\u00e3o Unfollow foram apreendidos dispositivos eletr\u00f4nicos. O nome da opera\u00e7\u00e3o significar &#8216;deixar de seguir&#8217;. Os policiais tamb\u00e9m investigam a poss\u00edvel participa\u00e7\u00e3o de mais pessoas no crime.<\/p>\n<\/div>\n<\/div>\n<div id=\"chunk-19ne1\">\n<div class=\"mc-column content-text active-extra-styles \" data-block-type=\"unstyled\" data-block-weight=\"17\" data-block-id=\"16\">\n<p class=\" content-text__container \" data-track-category=\"Link no Texto\" data-track-links=\"\" data-mrf-recirculation=\"Mat\u00e9ria - Links no Texto\">O processo ser\u00e1 enviado ao Minist\u00e9rio P\u00fablico e ao Poder Judici\u00e1rio para ado\u00e7\u00e3o das medidas legais necess\u00e1rias.<\/p>\n<\/div>\n<\/div>\n<\/div>\n<\/div>\n","protected":false},"excerpt":{"rendered":"<p>A Pol\u00edcia Civil investiga um grupo suspeito de divulgar imagens \u00edntimas de um pastor nas redes sociais. Segundo a investiga\u00e7\u00e3o, os suspeitos teriam criado o\u00a0perfil falso de uma garota de programa para enganar a v\u00edtima\u00a0e depois publicaram o conte\u00fado obtido em p\u00e1ginas de not\u00edcia. Mandados de busca e apreens\u00e3o foram cumpridos nesta ter\u00e7a-feira (11) em &hellip;<\/p>\n","protected":false},"author":3,"featured_media":75712,"comment_status":"closed","ping_status":"open","sticky":false,"template":"","format":"standard","meta":{"_exactmetrics_skip_tracking":false,"_exactmetrics_sitenote_active":false,"_exactmetrics_sitenote_note":"","_exactmetrics_sitenote_category":0,"footnotes":""},"categories":[7,53,26,33],"tags":[],"_links":{"self":[{"href":"https:\/\/goiasemtempo.com.br\/home\/wp-json\/wp\/v2\/posts\/75711"}],"collection":[{"href":"https:\/\/goiasemtempo.com.br\/home\/wp-json\/wp\/v2\/posts"}],"about":[{"href":"https:\/\/goiasemtempo.com.br\/home\/wp-json\/wp\/v2\/types\/post"}],"author":[{"embeddable":true,"href":"https:\/\/goiasemtempo.com.br\/home\/wp-json\/wp\/v2\/users\/3"}],"replies":[{"embeddable":true,"href":"https:\/\/goiasemtempo.com.br\/home\/wp-json\/wp\/v2\/comments?post=75711"}],"version-history":[{"count":1,"href":"https:\/\/goiasemtempo.com.br\/home\/wp-json\/wp\/v2\/posts\/75711\/revisions"}],"predecessor-version":[{"id":75713,"href":"https:\/\/goiasemtempo.com.br\/home\/wp-json\/wp\/v2\/posts\/75711\/revisions\/75713"}],"wp:featuredmedia":[{"embeddable":true,"href":"https:\/\/goiasemtempo.com.br\/home\/wp-json\/wp\/v2\/media\/75712"}],"wp:attachment":[{"href":"https:\/\/goiasemtempo.com.br\/home\/wp-json\/wp\/v2\/media?parent=75711"}],"wp:term":[{"taxonomy":"category","embeddable":true,"href":"https:\/\/goiasemtempo.com.br\/home\/wp-json\/wp\/v2\/categories?post=75711"},{"taxonomy":"post_tag","embeddable":true,"href":"https:\/\/goiasemtempo.com.br\/home\/wp-json\/wp\/v2\/tags?post=75711"}],"curies":[{"name":"wp","href":"https:\/\/api.w.org\/{rel}","templated":true}]}}