{"id":75697,"date":"2025-03-11T12:31:55","date_gmt":"2025-03-11T12:31:55","guid":{"rendered":"https:\/\/goiasemtempo.com.br\/home\/?p=75697"},"modified":"2025-03-11T12:31:55","modified_gmt":"2025-03-11T12:31:55","slug":"sandro-mabel-inicia-troca-de-iluminacao-por-led-no-centro-de-goiania","status":"publish","type":"post","link":"https:\/\/goiasemtempo.com.br\/home\/sandro-mabel-inicia-troca-de-iluminacao-por-led-no-centro-de-goiania\/","title":{"rendered":"Sandro Mabel inicia troca de ilumina\u00e7\u00e3o por LED no Centro de Goi\u00e2nia"},"content":{"rendered":"<p>A Prefeitura de Goi\u00e2nia deu in\u00edcio, nesta segunda-feira (10\/3), ao Programa Brilha Goi\u00e2nia, que substituir\u00e1 a ilumina\u00e7\u00e3o p\u00fablica da cidade por l\u00e2mpadas de LED. O prefeito Sandro Mabel participou da troca simb\u00f3lica da primeira l\u00e2mpada em frente ao Teatro Goi\u00e2nia, marcando o come\u00e7o das instala\u00e7\u00f5es na Regi\u00e3o Central.<\/p>\n<p>\u201cA cidade vai ficar linda, com muito mais seguran\u00e7a para quem vai para a escola \u00e0 noite, volta da igreja ou desce do \u00f4nibus. Nenhum ponto ficar\u00e1 sem troca\u201d, explicou o prefeito, ao detalhar que o cons\u00f3rcio respons\u00e1vel tem at\u00e9 cinco dias para substituir qualquer l\u00e2mpada que queimar.<\/p>\n<p>A Regi\u00e3o Central ser\u00e1 a primeira a receber a nova ilumina\u00e7\u00e3o, seguida pela Regi\u00e3o Noroeste e Norte. Al\u00e9m da ilumina\u00e7\u00e3o p\u00fablica, o contrato prev\u00ea a instala\u00e7\u00e3o de 800 quil\u00f4metros de fibra \u00f3ptica em Goi\u00e2nia. \u201cIsso permitir\u00e1 a sincroniza\u00e7\u00e3o dos sem\u00e1foros em diversas vias da cidade, melhorando o fluxo do tr\u00e2nsito\u201d, apontou Mabel. Outra inova\u00e7\u00e3o ser\u00e1 a instala\u00e7\u00e3o de 20 mil c\u00e2meras de seguran\u00e7a interligadas com as for\u00e7as policiais.<\/p>\n<p><strong>Brilha Goi\u00e2nia<\/strong><\/p>\n<p>Nos primeiros 100 dias, a meta \u00e9 substituir 100 mil l\u00e2mpadas, com ritmo m\u00e9dio de mil instala\u00e7\u00f5es por dia. O programa faz parte de uma Parceria P\u00fablico-Privada (PPP) com investimento de R$ 1,4 bilh\u00e3o ao longo de 25 anos. A moderniza\u00e7\u00e3o atingir\u00e1 140 mil pontos de ilumina\u00e7\u00e3o at\u00e9 meados de setembro.<\/p>\n<p>A nova ilumina\u00e7\u00e3o garantir\u00e1 redu\u00e7\u00e3o de at\u00e9 65% no consumo de energia, representando economia superior a R$ 40 milh\u00f5es anuais. O projeto tamb\u00e9m prev\u00ea 300 novos pontos de ilumina\u00e7\u00e3o em \u00e1reas estrat\u00e9gicas e um sistema de monitoramento remoto da rede.<\/p>\n<p>O contrato do programa foi homologado ap\u00f3s aval do Tribunal de Contas do Munic\u00edpio (TCM) e do Poder Judici\u00e1rio. Al\u00e9m da instala\u00e7\u00e3o de l\u00e2mpadas LED, o projeto inclui uso de energia fotovoltaica e amplia\u00e7\u00e3o da rede de fibra \u00f3ptica.<\/p>\n<p>A expectativa \u00e9 que todas as melhorias transformem Goi\u00e2nia em uma das cidades mais seguras do Brasil at\u00e9 2026. \u201cN\u00e3o tenho d\u00favidas disso, por toda essa movimenta\u00e7\u00e3o que estamos fazendo e que essa PPP permite\u201d, concluiu Mabel.<\/p>\n<p><strong>Fotos:<\/strong>\u00a0Alex Malheiros<\/p>\n","protected":false},"excerpt":{"rendered":"<p>A Prefeitura de Goi\u00e2nia deu in\u00edcio, nesta segunda-feira (10\/3), ao Programa Brilha Goi\u00e2nia, que substituir\u00e1 a ilumina\u00e7\u00e3o p\u00fablica da cidade por l\u00e2mpadas de LED. O prefeito Sandro Mabel participou da troca simb\u00f3lica da primeira l\u00e2mpada em frente ao Teatro Goi\u00e2nia, marcando o come\u00e7o das instala\u00e7\u00f5es na Regi\u00e3o Central. \u201cA cidade vai ficar linda, com muito &hellip;<\/p>\n","protected":false},"author":3,"featured_media":75698,"comment_status":"closed","ping_status":"open","sticky":false,"template":"","format":"standard","meta":{"_exactmetrics_skip_tracking":false,"_exactmetrics_sitenote_active":false,"_exactmetrics_sitenote_note":"","_exactmetrics_sitenote_category":0,"footnotes":""},"categories":[7,500,480],"tags":[],"_links":{"self":[{"href":"https:\/\/goiasemtempo.com.br\/home\/wp-json\/wp\/v2\/posts\/75697"}],"collection":[{"href":"https:\/\/goiasemtempo.com.br\/home\/wp-json\/wp\/v2\/posts"}],"about":[{"href":"https:\/\/goiasemtempo.com.br\/home\/wp-json\/wp\/v2\/types\/post"}],"author":[{"embeddable":true,"href":"https:\/\/goiasemtempo.com.br\/home\/wp-json\/wp\/v2\/users\/3"}],"replies":[{"embeddable":true,"href":"https:\/\/goiasemtempo.com.br\/home\/wp-json\/wp\/v2\/comments?post=75697"}],"version-history":[{"count":1,"href":"https:\/\/goiasemtempo.com.br\/home\/wp-json\/wp\/v2\/posts\/75697\/revisions"}],"predecessor-version":[{"id":75699,"href":"https:\/\/goiasemtempo.com.br\/home\/wp-json\/wp\/v2\/posts\/75697\/revisions\/75699"}],"wp:featuredmedia":[{"embeddable":true,"href":"https:\/\/goiasemtempo.com.br\/home\/wp-json\/wp\/v2\/media\/75698"}],"wp:attachment":[{"href":"https:\/\/goiasemtempo.com.br\/home\/wp-json\/wp\/v2\/media?parent=75697"}],"wp:term":[{"taxonomy":"category","embeddable":true,"href":"https:\/\/goiasemtempo.com.br\/home\/wp-json\/wp\/v2\/categories?post=75697"},{"taxonomy":"post_tag","embeddable":true,"href":"https:\/\/goiasemtempo.com.br\/home\/wp-json\/wp\/v2\/tags?post=75697"}],"curies":[{"name":"wp","href":"https:\/\/api.w.org\/{rel}","templated":true}]}}