{"id":7567,"date":"2017-12-28T14:49:10","date_gmt":"2017-12-28T14:49:10","guid":{"rendered":"http:\/\/goiasemtempo.com.br\/home\/?p=7567"},"modified":"2017-12-28T14:49:10","modified_gmt":"2017-12-28T14:49:10","slug":"o-ohio-catalao-preve-uma-vitoria-independentista-2","status":"publish","type":"post","link":"https:\/\/goiasemtempo.com.br\/home\/o-ohio-catalao-preve-uma-vitoria-independentista-2\/","title":{"rendered":"O Ohio catal\u00e3o prev\u00ea uma vit\u00f3ria independentista"},"content":{"rendered":"<p>Aos p\u00e9s de um maci\u00e7o montanhoso e rodeada por florestas, Fogars de la Selva \u00e9 o or\u00e1culo das elei\u00e7\u00f5es catal\u00e3es, j\u00e1 que seus resultados v\u00eam refletindo a tend\u00eancia de toda a regi\u00e3o. Um povoado onde muitos apostam em uma vit\u00f3ria independentista.<\/p>\n<p>Fogars de la Selva \u00e9 o Ohio catal\u00e3o, assegura a r\u00e1dio catal\u00e3 Rac1, em refer\u00eancia ao estado americano onde, tradicionalmente, o candidato vencedor chega \u00e0 Casa Branca. Quem venceu em Fogars de la Selva j\u00e1 esteve na presid\u00eancia em 11 elei\u00e7\u00f5es catal\u00e3s que realizamos.<\/p>\n<p>Isabel Tresseras, de 54 anos, faz parte dos que novamente votar\u00e3o por Carles Puigdemont, o presidente separatista catal\u00e3o destitu\u00eddo pelo governo central espanhol de Mariano Rajoy, e que est\u00e1 em Bruxelas para evitar ser detido por rebeli\u00e3o, sedi\u00e7\u00e3o e malversa\u00e7\u00e3o de fundos.<\/p>\n<p>Sua nova casa tem uma c\u00fapula decorada com a bandeira regional, e batizada pomposamente de Pra\u00e7a Catalunha.<\/p>\n<p>Em sua sala destacam-se a \u00e1rvore de Natal, a cheirosa sopa de galinha posta sobre a mesa e tr\u00eas novelos de l\u00e3 amarela.<\/p>\n<p>Estou fazendo um cachecol amarelo para mim, a cor dos que protestam contra a pris\u00e3o de quatro dirigentes separatistas, processados por seu envolvimento no processo que desembocou na declara\u00e7\u00e3o unilateral de independ\u00eancia de 27 de outubro.<\/p>\n<p>Agente comercial desempregada desde 2009, Isabel diz ser uma separatista de recente convers\u00e3o.<\/p>\n<p>Segundo ela, se Madri tivesse negociado um acordo fiscal vantajoso com a Catalunha em 2012, hoje haveria somente quatro gatos pingados independentes.<\/p>\n<p>A vizinha de Isabel, Presentaci\u00f3n Esp\u00ednola, catal\u00e3 de origem andaluz de 64 anos, passeia com dois cachorros salsicha, um deles usando uma meia com as cores do Bar\u00e7a. Est\u00e1 em d\u00favida entre a forma\u00e7\u00e3o de Puigdemont e a do vice-presidente destitu\u00eddo e preso, Oriol Junqueras.<\/p>\n<p>Segundo as pesquisas, o primeiro lugar ser\u00e1 decidido entre o partido independentista de Junqueras, Esquerda Republicana da Catalunha, e a forma\u00e7\u00e3o liberal Cidad\u00e3os, oposta \u00e0 secess\u00e3o e defensora da unidade da Espanha.<\/p>\n<p>&#8211; Um eleitorado independentista consolidado &#8211;<\/p>\n<p>Mas como est\u00e3o os \u00e2nimos neste povoado de 1.452 habitantes, situado a 60 quil\u00f4metro a nordeste de Barcelona?<\/p>\n<p>Em 2015, a localidade deu maioria \u00e0 coaliz\u00e3o separatista liderada por Puigdemont e Junqueras, seguida pelo Cidad\u00e3os e pelo Partido Socialista.<\/p>\n<p>Dois anos mais tarde, os eleitores independentistas n\u00e3o v\u00e3o mudar de voto, assegura Violeta Pel\u00e1ez, uma aposentada de 66 anos e \u00fanica vereadora socialista na C\u00e2mara, dominada pelos secessionistas.<\/p>\n<p>N\u00e3o obstante, constata ao seu redor que o Cidad\u00e3os est\u00e1 subindo muito no povoado, enquanto o Partido Popular de Mariano Rajoy perdeu muitos votos.<\/p>\n<p>No terra\u00e7o de casa, Javier L\u00f3pez, gerente comercial em um banco e de 31 anos, diz que vai votar pelo Cidad\u00e3os. Gosta desse partido porque \u00e9 de jovens, que ainda n\u00e3o governou e que por enquanto n\u00e3o teve problemas de corrup\u00e7\u00e3o.<\/p>\n<p>Javier L\u00f3pez considera um ato de covardia o fato de Puigdemont ter ido para a B\u00e9lgica ap\u00f3s a declara\u00e7\u00e3o unilateral de independ\u00eancia, algo inexplic\u00e1vel j\u00e1 que a metade dos catal\u00e3es n\u00e3o a queriam.<\/p>\n<p>N\u00e3o s\u00e3o mais catal\u00e3es por serem independentistas, afirma este jovem que costuma falar em catal\u00e3o com suas filhas e seus amigos de trabalho.<\/p>\n<p>&#8211; Confiavam muito na Europa &#8211;<\/p>\n<p>A localidade come\u00e7a por uma estrada margeada por casas novas. Conta com tr\u00eas condom\u00ednios e mais de 100 fazendas espalhadas pelo munic\u00edpio.<\/p>\n<p>Em meio a um campo onde est\u00e3o queimando ramos de \u00e1lamos, Francesc Rabassa, agente florestal de 55 anos, conta que votou em 2015 pela coaliz\u00e3o independentista, assim como muitos agricultores.<\/p>\n<p>Mas acredita que com a declara\u00e7\u00e3o unilateral de independ\u00eancia se precipitaram um pouco.<\/p>\n<p>Confiavam muito na Europa, que lhes fechou as portas, e ficaram sozinhos, constata.<\/p>\n<p>Rabassa preferia que Puigdemont renunciasse a essa proclama\u00e7\u00e3o sem efeito, embora continue confiando nele, e apesar de sua destitui\u00e7\u00e3o por Madri, o considera seu presidente.<\/p>\n<p>Como muitos, Francesc disse ter se tornando independentista desde que a direita voltou ao poder na Espanha em 2011, e quer que haja di\u00e1logo e que a Europa intervenha.<\/p>\n<p>Em Fogars o c\u00e9u est\u00e1 cinza, uma alegoria da melancolia que paira.<\/p>\n<p>H\u00e1 uma tens\u00e3o. No fundo, estamos todos preocupados, diz Marisa, funcion\u00e1ria em um posto de gasolina, de 48 anos. Chegou h\u00e1 26 anos do sul da Espanha, e faz parte dos que esperam uma mudan\u00e7a de maioria no Parlamento catal\u00e3o.<\/p>\n","protected":false},"excerpt":{"rendered":"<p>Aos p\u00e9s de um maci\u00e7o montanhoso e rodeada por florestas, Fogars de la Selva \u00e9 o or\u00e1culo das elei\u00e7\u00f5es catal\u00e3es, j\u00e1 que seus resultados v\u00eam refletindo a tend\u00eancia de toda a regi\u00e3o. Um povoado onde muitos apostam em uma vit\u00f3ria independentista. Fogars de la Selva \u00e9 o Ohio catal\u00e3o, assegura a r\u00e1dio catal\u00e3 Rac1, em &hellip;<\/p>\n","protected":false},"author":2,"featured_media":7039,"comment_status":"open","ping_status":"open","sticky":false,"template":"","format":"standard","meta":{"_exactmetrics_skip_tracking":false,"_exactmetrics_sitenote_active":false,"_exactmetrics_sitenote_note":"","_exactmetrics_sitenote_category":0,"footnotes":""},"categories":[4],"tags":[],"_links":{"self":[{"href":"https:\/\/goiasemtempo.com.br\/home\/wp-json\/wp\/v2\/posts\/7567"}],"collection":[{"href":"https:\/\/goiasemtempo.com.br\/home\/wp-json\/wp\/v2\/posts"}],"about":[{"href":"https:\/\/goiasemtempo.com.br\/home\/wp-json\/wp\/v2\/types\/post"}],"author":[{"embeddable":true,"href":"https:\/\/goiasemtempo.com.br\/home\/wp-json\/wp\/v2\/users\/2"}],"replies":[{"embeddable":true,"href":"https:\/\/goiasemtempo.com.br\/home\/wp-json\/wp\/v2\/comments?post=7567"}],"version-history":[{"count":1,"href":"https:\/\/goiasemtempo.com.br\/home\/wp-json\/wp\/v2\/posts\/7567\/revisions"}],"predecessor-version":[{"id":7568,"href":"https:\/\/goiasemtempo.com.br\/home\/wp-json\/wp\/v2\/posts\/7567\/revisions\/7568"}],"wp:featuredmedia":[{"embeddable":true,"href":"https:\/\/goiasemtempo.com.br\/home\/wp-json\/wp\/v2\/media\/7039"}],"wp:attachment":[{"href":"https:\/\/goiasemtempo.com.br\/home\/wp-json\/wp\/v2\/media?parent=7567"}],"wp:term":[{"taxonomy":"category","embeddable":true,"href":"https:\/\/goiasemtempo.com.br\/home\/wp-json\/wp\/v2\/categories?post=7567"},{"taxonomy":"post_tag","embeddable":true,"href":"https:\/\/goiasemtempo.com.br\/home\/wp-json\/wp\/v2\/tags?post=7567"}],"curies":[{"name":"wp","href":"https:\/\/api.w.org\/{rel}","templated":true}]}}