{"id":75641,"date":"2025-03-07T19:22:09","date_gmt":"2025-03-07T19:22:09","guid":{"rendered":"https:\/\/goiasemtempo.com.br\/home\/?p=75641"},"modified":"2025-03-07T19:22:38","modified_gmt":"2025-03-07T19:22:38","slug":"mpgo-pede-a-justica-para-suspender-compra-de-celulares-para-vereadores-de-aparecida-de-goiania","status":"publish","type":"post","link":"https:\/\/goiasemtempo.com.br\/home\/mpgo-pede-a-justica-para-suspender-compra-de-celulares-para-vereadores-de-aparecida-de-goiania\/","title":{"rendered":"MPGO  Pede \u00e0 Justi\u00e7a para suspender compra de celulares para vereadores de Aparecida de Goi\u00e2nia"},"content":{"rendered":"<p>O\u00a0<strong>Minist\u00e9rio P\u00fablico de Goi\u00e1s (MPGO) apresentou \u00e0 Justi\u00e7a pedido de tutela de urg\u00eancia (liminar) contra o munic\u00edpio de Aparecida de Goi\u00e2nia visando suspender a compra de 25 celulares da marca e modelo iPhone 16 Pro Max 512 GB, para serem distribu\u00eddos aos vereadores.<\/strong><\/p>\n<p>De acordo com o relatado no pedido, o MP recebeu a informa\u00e7\u00e3o, nesta semana, de que o<strong>\u00a0Legislativo instaurou o Preg\u00e3o Eletr\u00f4nico n\u00ba 3\/2025, com a finalidade de comprar os celulares, com pre\u00e7o unit\u00e1rio estimado em R$ 11.743,60, a serem destinados aos vereadores, sem qualquer justificativa id\u00f4nea para tal aquisi\u00e7\u00e3o.<\/strong><\/p>\n<p>Conforme relatou o promotor de Justi\u00e7a respons\u00e1vel pelo pedido, o certame ser\u00e1 realizado no dia 28 de mar\u00e7o de 2025, o que caracteriza a urg\u00eancia para suspens\u00e3o imediata daquele certame.<\/p>\n<p>Al\u00e9m disso, requereu que o munic\u00edpio seja compelido a comprovar os estudos t\u00e9cnicos realizados a fim de demonstrar a necessidade de serem adquiridos os iPhones, indicando as raz\u00f5es t\u00e9cnicas para escolha da marca e modelo.<br \/>\nOs estudos devem ser amparados em elementos emp\u00edricos alusivo \u00e0s atividades dos vereadores, acompanhados de avalia\u00e7\u00e3o de que o aparelho n\u00e3o pode ser considerado item de telefonia m\u00f3vel de luxo, cuja aquisi\u00e7\u00e3o \u00e9, via de regra, vedada por lei. Esses estudos v\u00e3o complementar a a\u00e7\u00e3o principal do MP, ainda a ser proposta, caso seja necess\u00e1rio.<\/p>\n<p>A a\u00e7\u00e3o foi direcionada contra o ente p\u00fablico municipal e n\u00e3o contra a C\u00e2mara Municipal, em raz\u00e3o de este \u00f3rg\u00e3o n\u00e3o possuir personalidade jur\u00eddica para figurar no polo passivo da demanda, em conformidade com a S\u00famula n\u00ba 525, do Superior Tribunal de Justi\u00e7a, que disp\u00f5e que a C\u00e2mara de Vereadores possui apenas personalidade judici\u00e1ria, n\u00e3o jur\u00eddica. Isso significa que a C\u00e2mara s\u00f3 pode demandar judicialmente para defender os seus direitos institucionais.<br \/>\nO direcionamento da a\u00e7\u00e3o foi justificado, ainda, por diversos precedentes daquele tribunal superior e do Tribunal de Justi\u00e7a de Goi\u00e1s.<em>\u00a0<\/em><\/p>\n<p>&nbsp;<\/p>\n<p><em>(Texto: Cristiani Hon\u00f3rio\/Assessoria de Comunica\u00e7\u00e3o Social do MPGO)<\/em><\/p>\n","protected":false},"excerpt":{"rendered":"<p>O\u00a0Minist\u00e9rio P\u00fablico de Goi\u00e1s (MPGO) apresentou \u00e0 Justi\u00e7a pedido de tutela de urg\u00eancia (liminar) contra o munic\u00edpio de Aparecida de Goi\u00e2nia visando suspender a compra de 25 celulares da marca e modelo iPhone 16 Pro Max 512 GB, para serem distribu\u00eddos aos vereadores. De acordo com o relatado no pedido, o MP recebeu a informa\u00e7\u00e3o, &hellip;<\/p>\n","protected":false},"author":3,"featured_media":75642,"comment_status":"closed","ping_status":"open","sticky":false,"template":"","format":"standard","meta":{"_exactmetrics_skip_tracking":false,"_exactmetrics_sitenote_active":false,"_exactmetrics_sitenote_note":"","_exactmetrics_sitenote_category":0,"footnotes":""},"categories":[7,26,19],"tags":[],"_links":{"self":[{"href":"https:\/\/goiasemtempo.com.br\/home\/wp-json\/wp\/v2\/posts\/75641"}],"collection":[{"href":"https:\/\/goiasemtempo.com.br\/home\/wp-json\/wp\/v2\/posts"}],"about":[{"href":"https:\/\/goiasemtempo.com.br\/home\/wp-json\/wp\/v2\/types\/post"}],"author":[{"embeddable":true,"href":"https:\/\/goiasemtempo.com.br\/home\/wp-json\/wp\/v2\/users\/3"}],"replies":[{"embeddable":true,"href":"https:\/\/goiasemtempo.com.br\/home\/wp-json\/wp\/v2\/comments?post=75641"}],"version-history":[{"count":2,"href":"https:\/\/goiasemtempo.com.br\/home\/wp-json\/wp\/v2\/posts\/75641\/revisions"}],"predecessor-version":[{"id":75644,"href":"https:\/\/goiasemtempo.com.br\/home\/wp-json\/wp\/v2\/posts\/75641\/revisions\/75644"}],"wp:featuredmedia":[{"embeddable":true,"href":"https:\/\/goiasemtempo.com.br\/home\/wp-json\/wp\/v2\/media\/75642"}],"wp:attachment":[{"href":"https:\/\/goiasemtempo.com.br\/home\/wp-json\/wp\/v2\/media?parent=75641"}],"wp:term":[{"taxonomy":"category","embeddable":true,"href":"https:\/\/goiasemtempo.com.br\/home\/wp-json\/wp\/v2\/categories?post=75641"},{"taxonomy":"post_tag","embeddable":true,"href":"https:\/\/goiasemtempo.com.br\/home\/wp-json\/wp\/v2\/tags?post=75641"}],"curies":[{"name":"wp","href":"https:\/\/api.w.org\/{rel}","templated":true}]}}