{"id":75634,"date":"2025-03-07T19:11:20","date_gmt":"2025-03-07T19:11:20","guid":{"rendered":"https:\/\/goiasemtempo.com.br\/home\/?p=75634"},"modified":"2025-03-07T19:11:20","modified_gmt":"2025-03-07T19:11:20","slug":"caiado-nomeia-307-professores-aprovados-em-concurso-publico","status":"publish","type":"post","link":"https:\/\/goiasemtempo.com.br\/home\/caiado-nomeia-307-professores-aprovados-em-concurso-publico\/","title":{"rendered":"Caiado nomeia 307 professores aprovados em concurso p\u00fablico"},"content":{"rendered":"<p style=\"font-weight: 400;\">O governador Ronaldo Caiado nomeou, nesta quinta-feira (6), por meio do Di\u00e1rio Oficial do Estado (DOE), 307 professores PIII aprovados em concurso p\u00fablico para a rede estadual de ensino. Os docentes devem tomar posse a partir de segunda-feira (10). Os atendimentos est\u00e3o programados para os dias 11, 12 e 13 de mar\u00e7o, das 8h30 \u00e0s 12h e das 14h30 \u00e0s 18h, na Secretaria de Estado da Educa\u00e7\u00e3o de Goi\u00e1s (Seduc-GO).<\/p>\n<p style=\"font-weight: 400;\">Para Caiado, a nomea\u00e7\u00e3o \u00e9 um refor\u00e7o para o time da \u201cmelhor educa\u00e7\u00e3o do Brasil\u201d. \u201cJ\u00e1 s\u00e3o 1.573 novos professores nomeados na nossa gest\u00e3o\u201d, ressaltou ele em v\u00eddeo divulgado nas redes sociais. Caiado deu boas-vindas aos profissionais. \u201cAqui a gente acredita na educa\u00e7\u00e3o e trabalha firme para que nossos jovens tenham um futuro de muito sucesso\u201d, acrescentou.<\/p>\n<p style=\"font-weight: 400;\">A convoca\u00e7\u00e3o das turmas 01 e 02 foi publicada inicialmente em dezembro de 2024 no DOE. O calend\u00e1rio previa a posse para abril e maio, mas foi antecipado para fevereiro e mar\u00e7o. A a\u00e7\u00e3o foi realizada conjuntamente pelas secretarias de Administra\u00e7\u00e3o, Economia e Educa\u00e7\u00e3o.<\/p>\n<p style=\"font-weight: 400;\">A Seduc-GO prev\u00ea a efetiva\u00e7\u00e3o de um total de 1.300 novos docentes ao longo de 2025, garantindo o fortalecimento da equipe pedag\u00f3gica e a melhoria da qualidade do ensino na rede p\u00fablica estadual. A amplia\u00e7\u00e3o do quadro de profissionais tem o objetivo de atender \u00e0 crescente demanda e aprimorar a educa\u00e7\u00e3o ofertada aos estudantes goianos.<\/p>\n<p style=\"font-weight: 400;\">Importante<\/p>\n<p style=\"font-weight: 400;\">Os professores nomeados ser\u00e3o informados por e-mail e podem tirar d\u00favidas diretamente com a Seduc-GO. Essa iniciativa demonstra o compromisso do Governo de Goi\u00e1s por meio da Seduc\/GO, em fortalecer a educa\u00e7\u00e3o com profissionais qualificados, assegurando o melhor ensino p\u00fablico em Goi\u00e1s.<\/p>\n","protected":false},"excerpt":{"rendered":"<p>O governador Ronaldo Caiado nomeou, nesta quinta-feira (6), por meio do Di\u00e1rio Oficial do Estado (DOE), 307 professores PIII aprovados em concurso p\u00fablico para a rede estadual de ensino. Os docentes devem tomar posse a partir de segunda-feira (10). Os atendimentos est\u00e3o programados para os dias 11, 12 e 13 de mar\u00e7o, das 8h30 \u00e0s &hellip;<\/p>\n","protected":false},"author":3,"featured_media":75635,"comment_status":"closed","ping_status":"open","sticky":false,"template":"","format":"standard","meta":{"_exactmetrics_skip_tracking":false,"_exactmetrics_sitenote_active":false,"_exactmetrics_sitenote_note":"","_exactmetrics_sitenote_category":0,"footnotes":""},"categories":[25,15],"tags":[],"_links":{"self":[{"href":"https:\/\/goiasemtempo.com.br\/home\/wp-json\/wp\/v2\/posts\/75634"}],"collection":[{"href":"https:\/\/goiasemtempo.com.br\/home\/wp-json\/wp\/v2\/posts"}],"about":[{"href":"https:\/\/goiasemtempo.com.br\/home\/wp-json\/wp\/v2\/types\/post"}],"author":[{"embeddable":true,"href":"https:\/\/goiasemtempo.com.br\/home\/wp-json\/wp\/v2\/users\/3"}],"replies":[{"embeddable":true,"href":"https:\/\/goiasemtempo.com.br\/home\/wp-json\/wp\/v2\/comments?post=75634"}],"version-history":[{"count":1,"href":"https:\/\/goiasemtempo.com.br\/home\/wp-json\/wp\/v2\/posts\/75634\/revisions"}],"predecessor-version":[{"id":75636,"href":"https:\/\/goiasemtempo.com.br\/home\/wp-json\/wp\/v2\/posts\/75634\/revisions\/75636"}],"wp:featuredmedia":[{"embeddable":true,"href":"https:\/\/goiasemtempo.com.br\/home\/wp-json\/wp\/v2\/media\/75635"}],"wp:attachment":[{"href":"https:\/\/goiasemtempo.com.br\/home\/wp-json\/wp\/v2\/media?parent=75634"}],"wp:term":[{"taxonomy":"category","embeddable":true,"href":"https:\/\/goiasemtempo.com.br\/home\/wp-json\/wp\/v2\/categories?post=75634"},{"taxonomy":"post_tag","embeddable":true,"href":"https:\/\/goiasemtempo.com.br\/home\/wp-json\/wp\/v2\/tags?post=75634"}],"curies":[{"name":"wp","href":"https:\/\/api.w.org\/{rel}","templated":true}]}}