{"id":7561,"date":"2017-12-28T14:47:07","date_gmt":"2017-12-28T14:47:07","guid":{"rendered":"http:\/\/goiasemtempo.com.br\/home\/?p=7561"},"modified":"2017-12-28T14:47:07","modified_gmt":"2017-12-28T14:47:07","slug":"policia-alema-detem-homem-que-preparava-atentado-2","status":"publish","type":"post","link":"https:\/\/goiasemtempo.com.br\/home\/policia-alema-detem-homem-que-preparava-atentado-2\/","title":{"rendered":"Pol\u00edcia alem\u00e3 det\u00e9m homem que preparava atentado"},"content":{"rendered":"<p>Um alem\u00e3o de 29 anos, suspeito de querer cometer um atentado com um carro em nome do grupo Estado Isl\u00e2mico (EI), foi detido nesta quarta-feira (20) pelas for\u00e7as especiais da pol\u00edcia desse pa\u00eds.<\/p>\n<p>O acusado, Dasbar W., \u00e9 suspeito de ter apoiado o EI em v\u00e1rias ocasi\u00f5es e de ter sido um de seus membros e de ter preparado uma a\u00e7\u00e3o violenta com um carro que ia utilizar para atropelar a multid\u00e3o, explicou em um comunicado a procuradoria antiterrorista alem\u00e3.<\/p>\n<p>O suspeito havia visitado em v\u00e1rias ocasi\u00f5es os arredores de uma pista de patins perto de uma pra\u00e7a em Karlsruhe, supostamente para preparar o ataque.<\/p>\n<p>Dasbar W. tentou, a partir de setembro, ser contratado por uma companhia de entregas a domic\u00edlio, sem sucesso.<\/p>\n<p>Segundo a procuradoria, entre abril e julho de 2015 difundiu v\u00eddeos de propaganda do EI em v\u00e1rias plataformas on-line.<\/p>\n<p>Em junho, Dasbar W. deixou a Alemanha rumo ao Iraque, onde permaneceu at\u00e9 mar\u00e7o de 2016.<\/p>\n<p>A partir de junho fez uma segunda viagem, durante a qual teria jurado lealdade ao EI. No Iraque fez um curso de manejo de armas e de espionagem do EI, antes de voltar em julho deste ano ao seu pa\u00eds.<\/p>\n<p>A deten\u00e7\u00e3o aconteceu no dia seguinte da comemora\u00e7\u00e3o do atentado extremista de dezembro de 2016 contra um mercado natalino em Berlim, no qual morreram 12 pessoas e centenas foram feridas depois que um tunisiano, Anis Amri, usou um caminh\u00e3o para atropelar uma multid\u00e3o.<\/p>\n","protected":false},"excerpt":{"rendered":"<p>Um alem\u00e3o de 29 anos, suspeito de querer cometer um atentado com um carro em nome do grupo Estado Isl\u00e2mico (EI), foi detido nesta quarta-feira (20) pelas for\u00e7as especiais da pol\u00edcia desse pa\u00eds. O acusado, Dasbar W., \u00e9 suspeito de ter apoiado o EI em v\u00e1rias ocasi\u00f5es e de ter sido um de seus membros &hellip;<\/p>\n","protected":false},"author":2,"featured_media":7042,"comment_status":"open","ping_status":"open","sticky":false,"template":"","format":"standard","meta":{"_exactmetrics_skip_tracking":false,"_exactmetrics_sitenote_active":false,"_exactmetrics_sitenote_note":"","_exactmetrics_sitenote_category":0,"footnotes":""},"categories":[4],"tags":[],"_links":{"self":[{"href":"https:\/\/goiasemtempo.com.br\/home\/wp-json\/wp\/v2\/posts\/7561"}],"collection":[{"href":"https:\/\/goiasemtempo.com.br\/home\/wp-json\/wp\/v2\/posts"}],"about":[{"href":"https:\/\/goiasemtempo.com.br\/home\/wp-json\/wp\/v2\/types\/post"}],"author":[{"embeddable":true,"href":"https:\/\/goiasemtempo.com.br\/home\/wp-json\/wp\/v2\/users\/2"}],"replies":[{"embeddable":true,"href":"https:\/\/goiasemtempo.com.br\/home\/wp-json\/wp\/v2\/comments?post=7561"}],"version-history":[{"count":1,"href":"https:\/\/goiasemtempo.com.br\/home\/wp-json\/wp\/v2\/posts\/7561\/revisions"}],"predecessor-version":[{"id":7562,"href":"https:\/\/goiasemtempo.com.br\/home\/wp-json\/wp\/v2\/posts\/7561\/revisions\/7562"}],"wp:featuredmedia":[{"embeddable":true,"href":"https:\/\/goiasemtempo.com.br\/home\/wp-json\/wp\/v2\/media\/7042"}],"wp:attachment":[{"href":"https:\/\/goiasemtempo.com.br\/home\/wp-json\/wp\/v2\/media?parent=7561"}],"wp:term":[{"taxonomy":"category","embeddable":true,"href":"https:\/\/goiasemtempo.com.br\/home\/wp-json\/wp\/v2\/categories?post=7561"},{"taxonomy":"post_tag","embeddable":true,"href":"https:\/\/goiasemtempo.com.br\/home\/wp-json\/wp\/v2\/tags?post=7561"}],"curies":[{"name":"wp","href":"https:\/\/api.w.org\/{rel}","templated":true}]}}