{"id":75594,"date":"2025-03-05T18:29:45","date_gmt":"2025-03-05T18:29:45","guid":{"rendered":"https:\/\/goiasemtempo.com.br\/home\/?p=75594"},"modified":"2025-03-05T18:29:45","modified_gmt":"2025-03-05T18:29:45","slug":"camara-de-anapolis-cria-cota-parlamentar-e-presidente-diz-que-medida-vai-facilitar-cortes","status":"publish","type":"post","link":"https:\/\/goiasemtempo.com.br\/home\/camara-de-anapolis-cria-cota-parlamentar-e-presidente-diz-que-medida-vai-facilitar-cortes\/","title":{"rendered":"C\u00e2mara de An\u00e1polis cria cota parlamentar, e presidente diz que medida vai facilitar cortes"},"content":{"rendered":"<p>Os vereadores aprovaram em sess\u00e3o extraordin\u00e1ria nesta quinta-feira (27) a cria\u00e7\u00e3o de uma Cota para o Exerc\u00edcio da Atividade Parlamentar (Ceap), cujo teto ser\u00e1 de 50% do valor do subs\u00ed\u00addio recebido pelo vereador, hoje estabelecido em R$ 19,8 mil. Portanto, o limite da lei ser\u00e1 de R$ 9,9 mil para o novo mecanismo.<\/p>\n<p>A presidente Andreia Rezende (Avante), no entanto, diz que, neste momento, haver\u00e1 uma portaria da Presid\u00eancia que regulamentar\u00e1 o teto da Ceap e, conforme explicou, a tend\u00eancia \u00e9 que, por ora, ele seja de R$ 5 mil mensais.<\/p>\n<p>A cota \u00e9 semelhante \u00e0\u00a0 j\u00e1 praticada, por exemplo, na Assembleia Legislativa de Goi\u00e1s (Alego). De acordo com Rezende, a Ceap permitir\u00e1 cortes noutros contratos, como por exemplo o de combust\u00edvel, no valor de R$ 98 mil.<\/p>\n<p>&#8220;\u00c9 uma verba parlamentar que a gente faz com que gastos de contratos de altos valores na C\u00e2mara possam ser extintos e esses valores serem transferidos para o pagamento, de acordo com uma verba e um teto, de maneira igualit\u00e1ria aos vereadores. Isso transforma uma economia muito grande dentro da C\u00e2mara&#8221;, disse em entrevista coletiva.<\/p>\n<p>Caso todos os 23 parlamentares utilizem 100% de sua cota, ser\u00e3o R$ 115 mil mensais para cobrir custos da atividade. &#8220;O valor ser\u00e1 estipulado pela presid\u00eancia sob as necessidades e possibilidade do nosso or\u00e7amento. Mas isso faz com que, por exemplo, apenas um contrato que vamos cortar, de combust\u00edveis, j\u00e1 quase paga essa cota parlamentar&#8221;, disse Rezende, que ainda defendeu que o mecanismo garante igualdade ao uso de recursos por vereadores.<\/p>\n<p>A Ceap funcionar\u00e1 como uma indeniza\u00e7\u00e3o. O vereador utilizar\u00e1 o recurso em sua atividade parlamentar, apresentar\u00e1 notas fiscais que o comprovem e ent\u00e3o ser\u00e1 ressarcido com dep\u00f3sito em sua conta. No site da Casa estar\u00e1 dispon\u00edvel uma aba para informar o p\u00fablico sobre os gastos de cada um dos parlamentares.<\/p>\n<p>Rezende reafirmou que a C\u00e2mara est\u00e1 empenhada em reduzir custos e fala em &#8220;cortar na carne&#8221; para &#8220;alcan\u00e7ar o equil\u00edbrio&#8221;. Ela prometeu redu\u00e7\u00e3o da estrutura de eventos, corte em lanches e outros.<\/p>\n","protected":false},"excerpt":{"rendered":"<p>Os vereadores aprovaram em sess\u00e3o extraordin\u00e1ria nesta quinta-feira (27) a cria\u00e7\u00e3o de uma Cota para o Exerc\u00edcio da Atividade Parlamentar (Ceap), cujo teto ser\u00e1 de 50% do valor do subs\u00ed\u00addio recebido pelo vereador, hoje estabelecido em R$ 19,8 mil. Portanto, o limite da lei ser\u00e1 de R$ 9,9 mil para o novo mecanismo. A presidente &hellip;<\/p>\n","protected":false},"author":3,"featured_media":75595,"comment_status":"closed","ping_status":"open","sticky":false,"template":"","format":"standard","meta":{"_exactmetrics_skip_tracking":false,"_exactmetrics_sitenote_active":false,"_exactmetrics_sitenote_note":"","_exactmetrics_sitenote_category":0,"footnotes":""},"categories":[18,19,2],"tags":[],"_links":{"self":[{"href":"https:\/\/goiasemtempo.com.br\/home\/wp-json\/wp\/v2\/posts\/75594"}],"collection":[{"href":"https:\/\/goiasemtempo.com.br\/home\/wp-json\/wp\/v2\/posts"}],"about":[{"href":"https:\/\/goiasemtempo.com.br\/home\/wp-json\/wp\/v2\/types\/post"}],"author":[{"embeddable":true,"href":"https:\/\/goiasemtempo.com.br\/home\/wp-json\/wp\/v2\/users\/3"}],"replies":[{"embeddable":true,"href":"https:\/\/goiasemtempo.com.br\/home\/wp-json\/wp\/v2\/comments?post=75594"}],"version-history":[{"count":1,"href":"https:\/\/goiasemtempo.com.br\/home\/wp-json\/wp\/v2\/posts\/75594\/revisions"}],"predecessor-version":[{"id":75596,"href":"https:\/\/goiasemtempo.com.br\/home\/wp-json\/wp\/v2\/posts\/75594\/revisions\/75596"}],"wp:featuredmedia":[{"embeddable":true,"href":"https:\/\/goiasemtempo.com.br\/home\/wp-json\/wp\/v2\/media\/75595"}],"wp:attachment":[{"href":"https:\/\/goiasemtempo.com.br\/home\/wp-json\/wp\/v2\/media?parent=75594"}],"wp:term":[{"taxonomy":"category","embeddable":true,"href":"https:\/\/goiasemtempo.com.br\/home\/wp-json\/wp\/v2\/categories?post=75594"},{"taxonomy":"post_tag","embeddable":true,"href":"https:\/\/goiasemtempo.com.br\/home\/wp-json\/wp\/v2\/tags?post=75594"}],"curies":[{"name":"wp","href":"https:\/\/api.w.org\/{rel}","templated":true}]}}