{"id":75551,"date":"2025-02-26T22:24:18","date_gmt":"2025-02-26T22:24:18","guid":{"rendered":"https:\/\/goiasemtempo.com.br\/home\/?p=75551"},"modified":"2025-02-26T22:28:58","modified_gmt":"2025-02-26T22:28:58","slug":"ia-e-aliada-do-empreendedorismo-no-sebrae-na-sua-empresa-2025","status":"publish","type":"post","link":"https:\/\/goiasemtempo.com.br\/home\/ia-e-aliada-do-empreendedorismo-no-sebrae-na-sua-empresa-2025\/","title":{"rendered":"IA \u00e9 aliada do Empreendedorismo no Sebrae na sua Empresa 2025"},"content":{"rendered":"<p>O programa Sebrae na sua Empresa (Sense) deste ano ganha um novo cap\u00edtulo ao incorporar a Intelig\u00eancia Artificial (IA) como ferramenta essencial para impulsionar os pequenos neg\u00f3cios. Por meio de solu\u00e7\u00f5es inovadoras para transformar desafios em oportunidades, o Sebrae visa tornar o empreendedorismo mais din\u00e2mico, digital e conectado com as demandas atuais.<\/p>\n<p>A gerente do Sense no Sebrae Goi\u00e1s, Paula de Paula destaca o que h\u00e1 de novo nessa jornada de atendimento, dispon\u00edvel no Estado durante todo o ano de 2025. O grande diferencial do Sense este ano \u00e9 a integra\u00e7\u00e3o com a IA nos atendimentos do Sebrae.<\/p>\n<p>Al\u00e9m de consultorias presenciais, os participantes agora t\u00eam \u00e0 disposi\u00e7\u00e3o recursos que utilizam a IA para gerar conte\u00fados inteligentes, apoiar a tomada de decis\u00f5es estrat\u00e9gicas, desenvolver habilidades digitais e melhorar a presen\u00e7a online. \u201cO fortalecimento da presen\u00e7a aumenta a visibilidade do neg\u00f3cio, gerando novas oportunidades de vendas e parcerias\u201d, complementou.<\/p>\n<p>Segundo o gerente do SEBRAE GO na Regional Centro-Leste, S\u00e9rgio Monturil a regional est\u00e1 preparada para atender os empres\u00e1rios de An\u00e1polis, \u201cs\u00e3o 10 profissionais que desde o m\u00eas de janeiro j\u00e1 est\u00e3o realizando as visitas \u00e0s empresas da cidade\u201d, explica.<br \/>\nPaula evidenciou ainda dentre as vantagens da inclus\u00e3o da IA no Sense, que al\u00e9m da moderniza\u00e7\u00e3o do neg\u00f3cio, a ferramenta ajuda na efici\u00eancia das empresas. \u201cTarefas repetitivas e demoradas podem ser automatizadas, liberando tempo para o empreendedor se concentrar em estrat\u00e9gias de crescimento\u201d, enunciou.<\/p>\n<p>Com a incorpora\u00e7\u00e3o da IA, al\u00e9m de consultorias presenciais e digitais, os participantes agora t\u00eam dispon\u00edveis recursos para gerar conte\u00fados inteligentes. De slogans at\u00e9 roteiros para campanhas publicit\u00e1rias; a ferramenta \u00e9 aliada para melhorar a presen\u00e7a online, com estrat\u00e9gias personalizadas para marketplaces, tr\u00e1fego pago e e-commerce.<\/p>\n<p>Contudo, os benef\u00edcios v\u00e3o al\u00e9m, porque a ferramenta apoia tomadas de decis\u00e3o estrat\u00e9gicas por meio de an\u00e1lises de dados e insights gerados automaticamente. Outra vantagem \u00e9 a possibilidade de desenvolver habilidades digitais por meio de materiais digitais tais como ebook, v\u00eddeos, cursos e mentorias que ensinam a utilizar IA no dia a dia empresarial.<\/p>\n<p>Por fim, ela ressaltou que \u201ca transforma\u00e7\u00e3o digital n\u00e3o \u00e9 mais uma op\u00e7\u00e3o, mas uma realidade ao alcance de todos, que pode ser alcan\u00e7ada ao abrir as portas do seu neg\u00f3cio para um dos nossos consultores\u201d.<\/p>\n<p><strong>INFORMA\u00c7\u00d5ES PARA A IMPRENSA<\/strong><\/p>\n<p>Na Regional Centro-Leste: <strong>jornalista Leidiana Batista \u2013 (62) 98626-6155<\/strong><br \/>\nNa sede do Sebrae: Taissa Gracik \u2013 (62) 99887-5463 | Kalyne Menezes \u2013 (62) 99887-4106<\/p>\n<p>&nbsp;<\/p>\n<p><img decoding=\"async\" src=\"https:\/\/goiasemtempo.com.br\/home\/wp-content\/uploads\/2025\/02\/sebrae-logo.jpg\" \/><\/p>\n","protected":false},"excerpt":{"rendered":"<p>O programa Sebrae na sua Empresa (Sense) deste ano ganha um novo cap\u00edtulo ao incorporar a Intelig\u00eancia Artificial (IA) como ferramenta essencial para impulsionar os pequenos neg\u00f3cios. Por meio de solu\u00e7\u00f5es inovadoras para transformar desafios em oportunidades, o Sebrae visa tornar o empreendedorismo mais din\u00e2mico, digital e conectado com as demandas atuais. A gerente do &hellip;<\/p>\n","protected":false},"author":3,"featured_media":75558,"comment_status":"closed","ping_status":"open","sticky":false,"template":"","format":"standard","meta":{"_exactmetrics_skip_tracking":false,"_exactmetrics_sitenote_active":false,"_exactmetrics_sitenote_note":"","_exactmetrics_sitenote_category":0,"footnotes":""},"categories":[473],"tags":[],"_links":{"self":[{"href":"https:\/\/goiasemtempo.com.br\/home\/wp-json\/wp\/v2\/posts\/75551"}],"collection":[{"href":"https:\/\/goiasemtempo.com.br\/home\/wp-json\/wp\/v2\/posts"}],"about":[{"href":"https:\/\/goiasemtempo.com.br\/home\/wp-json\/wp\/v2\/types\/post"}],"author":[{"embeddable":true,"href":"https:\/\/goiasemtempo.com.br\/home\/wp-json\/wp\/v2\/users\/3"}],"replies":[{"embeddable":true,"href":"https:\/\/goiasemtempo.com.br\/home\/wp-json\/wp\/v2\/comments?post=75551"}],"version-history":[{"count":3,"href":"https:\/\/goiasemtempo.com.br\/home\/wp-json\/wp\/v2\/posts\/75551\/revisions"}],"predecessor-version":[{"id":75556,"href":"https:\/\/goiasemtempo.com.br\/home\/wp-json\/wp\/v2\/posts\/75551\/revisions\/75556"}],"wp:featuredmedia":[{"embeddable":true,"href":"https:\/\/goiasemtempo.com.br\/home\/wp-json\/wp\/v2\/media\/75558"}],"wp:attachment":[{"href":"https:\/\/goiasemtempo.com.br\/home\/wp-json\/wp\/v2\/media?parent=75551"}],"wp:term":[{"taxonomy":"category","embeddable":true,"href":"https:\/\/goiasemtempo.com.br\/home\/wp-json\/wp\/v2\/categories?post=75551"},{"taxonomy":"post_tag","embeddable":true,"href":"https:\/\/goiasemtempo.com.br\/home\/wp-json\/wp\/v2\/tags?post=75551"}],"curies":[{"name":"wp","href":"https:\/\/api.w.org\/{rel}","templated":true}]}}