{"id":75506,"date":"2025-02-23T18:07:40","date_gmt":"2025-02-23T18:07:40","guid":{"rendered":"https:\/\/goiasemtempo.com.br\/home\/?p=75506"},"modified":"2025-02-23T18:07:40","modified_gmt":"2025-02-23T18:07:40","slug":"prefeito-de-anapolis-descarta-arraiana-e-anuncia-foco-em-artistas-locais","status":"publish","type":"post","link":"https:\/\/goiasemtempo.com.br\/home\/prefeito-de-anapolis-descarta-arraiana-e-anuncia-foco-em-artistas-locais\/","title":{"rendered":"Prefeito de An\u00e1polis descarta Arraiana e anuncia foco em artistas locais"},"content":{"rendered":"<p>O prefeito de An\u00e1polis M\u00e1rcio Corr\u00eaa (PL), anunciou neste s\u00e1bado (22), durante o F\u00f3rum Municipal de Cultura, que a Prefeitura deixar\u00e1 de investir milh\u00f5es em cach\u00eas de artistas nacionais para direcionar os recursos aos artistas culturais locais.<\/p>\n<p>Segundo o prefeito, os grandes eventos como o Arraiana receberam altos investimentos nos \u00faltimos anos, enquanto os talentos da cidade ficaram sem apoio.<\/p>\n<p>\u201cSe gastava milh\u00f5es com artistas j\u00e1 consolidados nacionalmente, mas esquecemos dos nossos artistas da cidade. Vamos mudar isso.\u201d, afirmou M\u00e1rcio Corr\u00eaa.<\/p>\n<div class=\"jeg_ad jeg_ad_article jnews_content_inline_ads  \">\n<div class=\"ads-wrapper align-center \">\n<div class=\"ads_code\"><ins class=\"adsbygoogle\" data-ad-client=\"ca-pub-5889227378512585\" data-ad-slot=\"1035049955\" data-adsbygoogle-status=\"done\" data-ad-status=\"filled\"><\/p>\n<div id=\"aswift_2_host\"><span style=\"background-color: #ffffff;\">Na \u00faltima edi\u00e7\u00e3o do Arraiana, festival tradicional na cidade, foram gastos mais de R$ 3 milh\u00f5es. Dados do Di\u00e1rio Oficial do Munic\u00edpio (DOM) revelam que, somente em 2024, cerca de R$ 2,3 milh\u00f5es foram destinados apenas aos cach\u00eas de artistas.<\/span><\/div>\n<p><\/ins><\/div>\n<\/div>\n<\/div>\n<p>Agora, a nova gest\u00e3o pretende substituir esse modelo de evento por encontros culturais com participa\u00e7\u00e3o de artistas locais, promovendo a valoriza\u00e7\u00e3o da cena cultural anapolina.<\/p>\n<p>\u201cVamos promover encontros culturais com os nossos artistas locais, dando espa\u00e7o e incentivo para que eles se desenvolvam e tenham a visibilidade que merecem.\u201d, destacou o prefeito.<\/p>\n<div class=\"jeg_ad jeg_ad_article jnews_content_inline_2_ads  \">\n<div class=\"ads-wrapper align-center \">\n<div class=\"ads_code\"><ins class=\"adsbygoogle\" data-ad-client=\"ca-pub-5889227378512585\" data-ad-slot=\"1035049955\" data-adsbygoogle-status=\"done\" data-ad-status=\"unfilled\"><\/p>\n<div id=\"aswift_3_host\"><span style=\"background-color: #ffffff;\">A iniciativa visa fortalecer a economia criativa e dar mais oportunidades para m\u00fasicos, dan\u00e7arinos, pintores e outros profissionais da cultura que residem na cidade.<\/span><\/div>\n<p><\/ins><\/div>\n<\/div>\n<\/div>\n","protected":false},"excerpt":{"rendered":"<p>O prefeito de An\u00e1polis M\u00e1rcio Corr\u00eaa (PL), anunciou neste s\u00e1bado (22), durante o F\u00f3rum Municipal de Cultura, que a Prefeitura deixar\u00e1 de investir milh\u00f5es em cach\u00eas de artistas nacionais para direcionar os recursos aos artistas culturais locais. Segundo o prefeito, os grandes eventos como o Arraiana receberam altos investimentos nos \u00faltimos anos, enquanto os talentos &hellip;<\/p>\n","protected":false},"author":3,"featured_media":75507,"comment_status":"closed","ping_status":"open","sticky":false,"template":"","format":"standard","meta":{"_exactmetrics_skip_tracking":false,"_exactmetrics_sitenote_active":false,"_exactmetrics_sitenote_note":"","_exactmetrics_sitenote_category":0,"footnotes":""},"categories":[18,19,66],"tags":[],"_links":{"self":[{"href":"https:\/\/goiasemtempo.com.br\/home\/wp-json\/wp\/v2\/posts\/75506"}],"collection":[{"href":"https:\/\/goiasemtempo.com.br\/home\/wp-json\/wp\/v2\/posts"}],"about":[{"href":"https:\/\/goiasemtempo.com.br\/home\/wp-json\/wp\/v2\/types\/post"}],"author":[{"embeddable":true,"href":"https:\/\/goiasemtempo.com.br\/home\/wp-json\/wp\/v2\/users\/3"}],"replies":[{"embeddable":true,"href":"https:\/\/goiasemtempo.com.br\/home\/wp-json\/wp\/v2\/comments?post=75506"}],"version-history":[{"count":1,"href":"https:\/\/goiasemtempo.com.br\/home\/wp-json\/wp\/v2\/posts\/75506\/revisions"}],"predecessor-version":[{"id":75508,"href":"https:\/\/goiasemtempo.com.br\/home\/wp-json\/wp\/v2\/posts\/75506\/revisions\/75508"}],"wp:featuredmedia":[{"embeddable":true,"href":"https:\/\/goiasemtempo.com.br\/home\/wp-json\/wp\/v2\/media\/75507"}],"wp:attachment":[{"href":"https:\/\/goiasemtempo.com.br\/home\/wp-json\/wp\/v2\/media?parent=75506"}],"wp:term":[{"taxonomy":"category","embeddable":true,"href":"https:\/\/goiasemtempo.com.br\/home\/wp-json\/wp\/v2\/categories?post=75506"},{"taxonomy":"post_tag","embeddable":true,"href":"https:\/\/goiasemtempo.com.br\/home\/wp-json\/wp\/v2\/tags?post=75506"}],"curies":[{"name":"wp","href":"https:\/\/api.w.org\/{rel}","templated":true}]}}