{"id":75480,"date":"2025-02-20T18:21:49","date_gmt":"2025-02-20T18:21:49","guid":{"rendered":"https:\/\/goiasemtempo.com.br\/home\/?p=75480"},"modified":"2025-02-20T18:23:18","modified_gmt":"2025-02-20T18:23:18","slug":"nfluenciadora-mari-menezes-retoca-o-visual-no-studio-y-em-goiania","status":"publish","type":"post","link":"https:\/\/goiasemtempo.com.br\/home\/nfluenciadora-mari-menezes-retoca-o-visual-no-studio-y-em-goiania\/","title":{"rendered":"Influenciadora Mari Menezes retoca o visual no Studio Y, em Goi\u00e2nia"},"content":{"rendered":"<p>A propriet\u00e1ria do Studio Y, Sissi Camargo, recebeu nesta ter\u00e7a-feira (18), no Studio Y, a visita da influenciadora Mari Menezes. Na ocasi\u00e3o, a jovem realizou procedimentos capilares e retocou o visual, o que deixou os cabelos mais hidratados e saud\u00e1veis.<\/p>\n<p>No pulsante cen\u00e1rio da busca por cuidados est\u00e9ticos, o Studio Y surge como a personifica\u00e7\u00e3o do atendimento VIP, ultrapassando expectativas e proporcionando uma experi\u00eancia singular no cora\u00e7\u00e3o de Goi\u00e2nia. Fundado h\u00e1 12 anos, este o\u00e1sis est\u00e9tico personifica um compromisso inabal\u00e1vel com o bem-estar e a est\u00e9tica.<\/p>\n<p>Desde sua audaciosa inaugura\u00e7\u00e3o, h\u00e1 mais de uma d\u00e9cada, o Studio Y tem redefinido o conceito de luxo em Goi\u00e2nia. Seu ambiente amplo e contempor\u00e2neo, aliado a profissionais de alta compet\u00eancia, consagrou o Studio Y como uma refer\u00eancia incontest\u00e1vel.<br \/>\nDos servi\u00e7os b\u00e1sicos, como manicure, pedicure, cortes de cabelo e colora\u00e7\u00f5es, \u00e0 exclusiva Terapia Capilar Personalizada, o Studio Y brilha com uma diversidade de op\u00e7\u00f5es. Neste \u00faltimo servi\u00e7o, uma terapeuta capilar realiza uma an\u00e1lise diagn\u00f3stica minuciosa, proporcionando tratamentos espec\u00edficos e personalizados, adaptados \u00e0s necessidades individuais do cliente, considerando o tipo de fio e couro cabeludo.<\/p>\n<p>A exclusividade luxuosa do Studio Y transcende os limites dos cuidados est\u00e9ticos. Ao oferecer caf\u00e9s, p\u00e3es de queijo, bolos e ch\u00e1s, o espa\u00e7o reinventa o conceito de sal\u00e3o de beleza tradicional. Detalhes como carregadores port\u00e1teis e servi\u00e7o de manobrista s\u00e3o concebidos para atender \u00e0s necessidades dos clientes de maneira envolvente, ostensiva e verdadeiramente \u00fanica.<\/p>\n<p><strong>\u2022Assessoria de Imprensa*<\/strong><\/p>\n<p><strong>Palavra Comunica\u00e7\u00e3o<\/strong><br \/>\nE-mail: noticias@palavracom.com<br \/>\nInstagram: @palavracomunicacao<br \/>\nContato: (62) 981624898 \/ (62) 999795256<\/p>\n<p><img decoding=\"async\" src=\"https:\/\/goiasemtempo.com.br\/home\/wp-content\/uploads\/2025\/02\/influencer-moda.jpg\" \/><\/p>\n<p>&nbsp;<\/p>\n","protected":false},"excerpt":{"rendered":"<p>A propriet\u00e1ria do Studio Y, Sissi Camargo, recebeu nesta ter\u00e7a-feira (18), no Studio Y, a visita da influenciadora Mari Menezes. Na ocasi\u00e3o, a jovem realizou procedimentos capilares e retocou o visual, o que deixou os cabelos mais hidratados e saud\u00e1veis. No pulsante cen\u00e1rio da busca por cuidados est\u00e9ticos, o Studio Y surge como a personifica\u00e7\u00e3o &hellip;<\/p>\n","protected":false},"author":3,"featured_media":75484,"comment_status":"closed","ping_status":"open","sticky":false,"template":"","format":"standard","meta":{"_exactmetrics_skip_tracking":false,"_exactmetrics_sitenote_active":false,"_exactmetrics_sitenote_note":"","_exactmetrics_sitenote_category":0,"footnotes":""},"categories":[500,513],"tags":[],"_links":{"self":[{"href":"https:\/\/goiasemtempo.com.br\/home\/wp-json\/wp\/v2\/posts\/75480"}],"collection":[{"href":"https:\/\/goiasemtempo.com.br\/home\/wp-json\/wp\/v2\/posts"}],"about":[{"href":"https:\/\/goiasemtempo.com.br\/home\/wp-json\/wp\/v2\/types\/post"}],"author":[{"embeddable":true,"href":"https:\/\/goiasemtempo.com.br\/home\/wp-json\/wp\/v2\/users\/3"}],"replies":[{"embeddable":true,"href":"https:\/\/goiasemtempo.com.br\/home\/wp-json\/wp\/v2\/comments?post=75480"}],"version-history":[{"count":3,"href":"https:\/\/goiasemtempo.com.br\/home\/wp-json\/wp\/v2\/posts\/75480\/revisions"}],"predecessor-version":[{"id":75486,"href":"https:\/\/goiasemtempo.com.br\/home\/wp-json\/wp\/v2\/posts\/75480\/revisions\/75486"}],"wp:featuredmedia":[{"embeddable":true,"href":"https:\/\/goiasemtempo.com.br\/home\/wp-json\/wp\/v2\/media\/75484"}],"wp:attachment":[{"href":"https:\/\/goiasemtempo.com.br\/home\/wp-json\/wp\/v2\/media?parent=75480"}],"wp:term":[{"taxonomy":"category","embeddable":true,"href":"https:\/\/goiasemtempo.com.br\/home\/wp-json\/wp\/v2\/categories?post=75480"},{"taxonomy":"post_tag","embeddable":true,"href":"https:\/\/goiasemtempo.com.br\/home\/wp-json\/wp\/v2\/tags?post=75480"}],"curies":[{"name":"wp","href":"https:\/\/api.w.org\/{rel}","templated":true}]}}