{"id":75471,"date":"2025-02-18T00:13:03","date_gmt":"2025-02-18T00:13:03","guid":{"rendered":"https:\/\/goiasemtempo.com.br\/home\/?p=75471"},"modified":"2025-02-18T00:13:28","modified_gmt":"2025-02-18T00:13:28","slug":"mpgo-cumpre-mandatos-de-busca-e-apreensao-em-formosa-para-desarticular-quadrilha-em-fraudea-licitacoes","status":"publish","type":"post","link":"https:\/\/goiasemtempo.com.br\/home\/mpgo-cumpre-mandatos-de-busca-e-apreensao-em-formosa-para-desarticular-quadrilha-em-fraudea-licitacoes\/","title":{"rendered":"MPGO cumpre mandatos de busca e apreens\u00e3o em Formosa para desarticular quadrilha em fraude a licita\u00e7\u00f5es"},"content":{"rendered":"<p>A 3\u00aa Promotoria de Justi\u00e7a de Formosa deflagrou na madrugada desta segunda-feira (17\/2) a Opera\u00e7\u00e3o Ali Bab\u00e1, cujo objetivo \u00e9 desarticular grupo voltado para a pr\u00e1tica, em tese, de delitos de fraude a licita\u00e7\u00f5es, falsidade ideol\u00f3gica, corrup\u00e7\u00e3o e desvio de recursos p\u00fablicos no munic\u00edpio, no Entorno Norte de Bras\u00edlia.<\/p>\n<p>Foram cumpridos 5 mandados de busca e apreens\u00e3o em Goi\u00e2nia e em Formosa, contra uma empresa, dois empres\u00e1rios, um ex-gestor e uma ex-servidora ligados \u00e0 \u00e1rea de licita\u00e7\u00f5es.<br \/>\nAs investiga\u00e7\u00f5es conduzidas pela 3\u00aa Promotoria de Justi\u00e7a revelaram a pr\u00e1tica de crimes, em tese, pela empresa e empres\u00e1rios, com o envolvimento dos agentes p\u00fablicos, em contrato de limpeza p\u00fablica da cidade, executado no ano de 2024.<\/p>\n<p><img decoding=\"async\" src=\"https:\/\/www.mpgo.mp.br\/portal\/system\/images\/W1siZiIsIjIwMjUvMDIvMTcvMTNfMjhfMzhfNDY1X09wZXJhX29fQWxpQmFiYV8xXy5qcGciXSxbInAiLCJ0aHVtYiIsIjQ1NXg0NTVcdTAwM0UiXV0\/Opera%C3%A7%C3%A3o%20AliBaba%20%281%29.jpg\" \/><\/p>\n<p>O ju\u00edzo da 3\u00aa Vara Criminal determinou, ainda, o bloqueio de R$ 1.453.789,10 em nome da empresa e a suspens\u00e3o das atividades econ\u00f4micas da firma prestadas para o munic\u00edpio de Formosa, pelo prazo de 12 meses. A opera\u00e7\u00e3o contou com o aux\u00edlio de equipes da 13\u00aa Regional de Pol\u00edcia Civil em Formosa. (Texto e fotos: \u00a03\u00aa Promotoria de Justi\u00e7a de Formosa \u2013 Edi\u00e7\u00e3o: Assessoria de Comunica\u00e7\u00e3o Social do MPGO)<\/p>\n","protected":false},"excerpt":{"rendered":"<p>A 3\u00aa Promotoria de Justi\u00e7a de Formosa deflagrou na madrugada desta segunda-feira (17\/2) a Opera\u00e7\u00e3o Ali Bab\u00e1, cujo objetivo \u00e9 desarticular grupo voltado para a pr\u00e1tica, em tese, de delitos de fraude a licita\u00e7\u00f5es, falsidade ideol\u00f3gica, corrup\u00e7\u00e3o e desvio de recursos p\u00fablicos no munic\u00edpio, no Entorno Norte de Bras\u00edlia. Foram cumpridos 5 mandados de busca &hellip;<\/p>\n","protected":false},"author":3,"featured_media":75472,"comment_status":"closed","ping_status":"open","sticky":false,"template":"","format":"standard","meta":{"footnotes":""},"categories":[7,26,4],"tags":[],"class_list":["post-75471","post","type-post","status-publish","format-standard","has-post-thumbnail","hentry","category-cidades","category-justica","category-ultimas-noticias"],"_links":{"self":[{"href":"https:\/\/goiasemtempo.com.br\/home\/wp-json\/wp\/v2\/posts\/75471","targetHints":{"allow":["GET"]}}],"collection":[{"href":"https:\/\/goiasemtempo.com.br\/home\/wp-json\/wp\/v2\/posts"}],"about":[{"href":"https:\/\/goiasemtempo.com.br\/home\/wp-json\/wp\/v2\/types\/post"}],"author":[{"embeddable":true,"href":"https:\/\/goiasemtempo.com.br\/home\/wp-json\/wp\/v2\/users\/3"}],"replies":[{"embeddable":true,"href":"https:\/\/goiasemtempo.com.br\/home\/wp-json\/wp\/v2\/comments?post=75471"}],"version-history":[{"count":2,"href":"https:\/\/goiasemtempo.com.br\/home\/wp-json\/wp\/v2\/posts\/75471\/revisions"}],"predecessor-version":[{"id":75474,"href":"https:\/\/goiasemtempo.com.br\/home\/wp-json\/wp\/v2\/posts\/75471\/revisions\/75474"}],"wp:featuredmedia":[{"embeddable":true,"href":"https:\/\/goiasemtempo.com.br\/home\/wp-json\/wp\/v2\/media\/75472"}],"wp:attachment":[{"href":"https:\/\/goiasemtempo.com.br\/home\/wp-json\/wp\/v2\/media?parent=75471"}],"wp:term":[{"taxonomy":"category","embeddable":true,"href":"https:\/\/goiasemtempo.com.br\/home\/wp-json\/wp\/v2\/categories?post=75471"},{"taxonomy":"post_tag","embeddable":true,"href":"https:\/\/goiasemtempo.com.br\/home\/wp-json\/wp\/v2\/tags?post=75471"}],"curies":[{"name":"wp","href":"https:\/\/api.w.org\/{rel}","templated":true}]}}