{"id":7545,"date":"2017-12-28T14:41:37","date_gmt":"2017-12-28T14:41:37","guid":{"rendered":"http:\/\/goiasemtempo.com.br\/home\/?p=7545"},"modified":"2017-12-28T14:41:37","modified_gmt":"2017-12-28T14:41:37","slug":"nova-ode-a-paz-de-joan-baez-em-seu-primeiro-album-em-10-anos-2","status":"publish","type":"post","link":"https:\/\/goiasemtempo.com.br\/home\/nova-ode-a-paz-de-joan-baez-em-seu-primeiro-album-em-10-anos-2\/","title":{"rendered":"Nova ode \u00e0 paz de Joan Baez em seu primeiro \u00e1lbum em 10 anos"},"content":{"rendered":"<p>A lenda do folk Joan Baez anunciou nesta quarta-feira (20) o lan\u00e7amento de seu primeiro \u00e1lbum em uma d\u00e9cada, uma sele\u00e7\u00e3o de vers\u00f5es com a qual faz uma nova ode \u00e0 paz mundial.<\/p>\n<p>A ativista e cantora de 76 anos, muito comprometida com a luta pela igualdade de direitos dos negros e contra a guerra do Vietn\u00e3 na d\u00e9cada de 1960, disse que o \u00e1lbum Whistle Down the Wind sair\u00e1 em 2 de mar\u00e7o.<\/p>\n<p>\u00c9 a segunda vez que Joan Baez escolhe como t\u00edtulo principal a vers\u00e3o de um tema de seu compatriota Tom Waits, depois de seu disco Day After Tomorrow em 2008.<\/p>\n<p>Em seu pr\u00f3ximo \u00e1lbum, a cantora, que este ano entrou no Hall da Fama do Rock and Roll, faz vers\u00f5es de m\u00fasicas dos americanos Josh Ritter e Joe Henry, que s\u00e3o os produtores de Whistle Down the Wind.<\/p>\n<p>Tamb\u00e9m escolheu a m\u00fasica The President Sang Amazing Grace, de uma americana pouco conhecida, Zoe Mulford, que fala do massacre de fi\u00e9is negros executado por um simpatizante da supremacia branca em Charleston, Carolina do Sul, em 2015, e o emotivo discurso de Barack Obama em homenagem \u00e0s v\u00edtimas.<\/p>\n<p>Profundamente influenciada por Joan Baez, Zoe Mulford disse se sentir honrada por essa escolha.<\/p>\n<p>A can\u00e7\u00e3o Another World de Antony and the Johnsons, agora conhecido sob o nome art\u00edstico Anohni, tamb\u00e9m aparece no disco, que termina com I Wish All Wars Were Over, composta pelo cantor folk Tim Eriksen.<\/p>\n<p>Joan Baez j\u00e1 havia anunciado que n\u00e3o faria mais turn\u00eas depois de 2018. Mas anunciou que antes far\u00e1 uma s\u00e9rie de shows na Europa, come\u00e7ando por Estocolmo, e inclui 10 datas em junho no Olympia de Paris.<\/p>\n","protected":false},"excerpt":{"rendered":"<p>A lenda do folk Joan Baez anunciou nesta quarta-feira (20) o lan\u00e7amento de seu primeiro \u00e1lbum em uma d\u00e9cada, uma sele\u00e7\u00e3o de vers\u00f5es com a qual faz uma nova ode \u00e0 paz mundial. A ativista e cantora de 76 anos, muito comprometida com a luta pela igualdade de direitos dos negros e contra a guerra &hellip;<\/p>\n","protected":false},"author":2,"featured_media":7050,"comment_status":"open","ping_status":"open","sticky":false,"template":"","format":"standard","meta":{"footnotes":""},"categories":[4],"tags":[],"class_list":["post-7545","post","type-post","status-publish","format-standard","has-post-thumbnail","hentry","category-ultimas-noticias"],"_links":{"self":[{"href":"https:\/\/goiasemtempo.com.br\/home\/wp-json\/wp\/v2\/posts\/7545","targetHints":{"allow":["GET"]}}],"collection":[{"href":"https:\/\/goiasemtempo.com.br\/home\/wp-json\/wp\/v2\/posts"}],"about":[{"href":"https:\/\/goiasemtempo.com.br\/home\/wp-json\/wp\/v2\/types\/post"}],"author":[{"embeddable":true,"href":"https:\/\/goiasemtempo.com.br\/home\/wp-json\/wp\/v2\/users\/2"}],"replies":[{"embeddable":true,"href":"https:\/\/goiasemtempo.com.br\/home\/wp-json\/wp\/v2\/comments?post=7545"}],"version-history":[{"count":1,"href":"https:\/\/goiasemtempo.com.br\/home\/wp-json\/wp\/v2\/posts\/7545\/revisions"}],"predecessor-version":[{"id":7546,"href":"https:\/\/goiasemtempo.com.br\/home\/wp-json\/wp\/v2\/posts\/7545\/revisions\/7546"}],"wp:featuredmedia":[{"embeddable":true,"href":"https:\/\/goiasemtempo.com.br\/home\/wp-json\/wp\/v2\/media\/7050"}],"wp:attachment":[{"href":"https:\/\/goiasemtempo.com.br\/home\/wp-json\/wp\/v2\/media?parent=7545"}],"wp:term":[{"taxonomy":"category","embeddable":true,"href":"https:\/\/goiasemtempo.com.br\/home\/wp-json\/wp\/v2\/categories?post=7545"},{"taxonomy":"post_tag","embeddable":true,"href":"https:\/\/goiasemtempo.com.br\/home\/wp-json\/wp\/v2\/tags?post=7545"}],"curies":[{"name":"wp","href":"https:\/\/api.w.org\/{rel}","templated":true}]}}