{"id":75370,"date":"2025-02-05T19:23:32","date_gmt":"2025-02-05T19:23:32","guid":{"rendered":"https:\/\/goiasemtempo.com.br\/home\/?p=75370"},"modified":"2025-02-05T19:24:56","modified_gmt":"2025-02-05T19:24:56","slug":"camara-municipal-de-jussara-inicia-processo-de-cassacao-do-vereador-neto-do-mototaxi-apos-recomendacao-do-mp-eleitoral","status":"publish","type":"post","link":"https:\/\/goiasemtempo.com.br\/home\/camara-municipal-de-jussara-inicia-processo-de-cassacao-do-vereador-neto-do-mototaxi-apos-recomendacao-do-mp-eleitoral\/","title":{"rendered":"C\u00e2mara Municipal de Jussara inicia processo de cassa\u00e7\u00e3o do vereador Neto do Motot\u00e1xi por corrup\u00e7\u00e3o passiva"},"content":{"rendered":"<p><strong>A C\u00e2mara Municipal de Jussara enviou of\u00edcio ao promotor de Justi\u00e7a Luan Vitor de Almeida Santana informando que a Casa iniciou os trabalhos para declara\u00e7\u00e3o de perda do mandato eletivo do vereador C\u00e2ndido Natividade Aguiar Neto.<\/strong>\u00a0Ele \u00e9 conhecido na cidade como Neto do Motot\u00e1xi.<\/p>\n<p>Conforme apontado pelo promotor eleitoral, o<strong>\u00a0vereador teve seus direitos pol\u00edticos suspensos em raz\u00e3o da condena\u00e7\u00e3o criminal pela pr\u00e1tica do delito de corrup\u00e7\u00e3o passiva<\/strong>, cujo tr\u00e2nsito em julgado (quando n\u00e3o h\u00e1 mais possibilidade de recurso) ocorreu em 28 de novembro de 2024. Desta forma, sustentou o promotor, o vereador n\u00e3o pode permanecer no cargo pol\u00edtico.<\/p>\n<p>Nesta a\u00e7\u00e3o, ele foi condenado a 3 anos, 1 m\u00eas e 9 dias de pris\u00e3o, em regime inicial aberto, e ao pagamento de 151 dias-multa. Em consulta \u00e0 situa\u00e7\u00e3o eleitoral de C\u00e2ndido, constatou-se que o seu t\u00edtulo eleitoral est\u00e1 suspenso desde 2024, em raz\u00e3o da condena\u00e7\u00e3o criminal.<\/p>\n<p>A C\u00e2mara de Jussara apresentou a recomenda\u00e7\u00e3o em plen\u00e1rio, em sess\u00e3o ordin\u00e1ria realizada nesta ter\u00e7a-feira (4\/2), tendo a mesa diretora dado in\u00edcio ao que foi orientado pelo MP, de acordo com o Regimento Interno da Casa.<\/p>\n<p><em>(Comunica\u00e7\u00e3o Social do MPGO)<\/em><\/p>\n","protected":false},"excerpt":{"rendered":"<p>A C\u00e2mara Municipal de Jussara enviou of\u00edcio ao promotor de Justi\u00e7a Luan Vitor de Almeida Santana informando que a Casa iniciou os trabalhos para declara\u00e7\u00e3o de perda do mandato eletivo do vereador C\u00e2ndido Natividade Aguiar Neto.\u00a0Ele \u00e9 conhecido na cidade como Neto do Motot\u00e1xi. Conforme apontado pelo promotor eleitoral, o\u00a0vereador teve seus direitos pol\u00edticos suspensos &hellip;<\/p>\n","protected":false},"author":3,"featured_media":75371,"comment_status":"closed","ping_status":"open","sticky":false,"template":"","format":"standard","meta":{"_exactmetrics_skip_tracking":false,"_exactmetrics_sitenote_active":false,"_exactmetrics_sitenote_note":"","_exactmetrics_sitenote_category":0,"footnotes":""},"categories":[7,26],"tags":[],"_links":{"self":[{"href":"https:\/\/goiasemtempo.com.br\/home\/wp-json\/wp\/v2\/posts\/75370"}],"collection":[{"href":"https:\/\/goiasemtempo.com.br\/home\/wp-json\/wp\/v2\/posts"}],"about":[{"href":"https:\/\/goiasemtempo.com.br\/home\/wp-json\/wp\/v2\/types\/post"}],"author":[{"embeddable":true,"href":"https:\/\/goiasemtempo.com.br\/home\/wp-json\/wp\/v2\/users\/3"}],"replies":[{"embeddable":true,"href":"https:\/\/goiasemtempo.com.br\/home\/wp-json\/wp\/v2\/comments?post=75370"}],"version-history":[{"count":2,"href":"https:\/\/goiasemtempo.com.br\/home\/wp-json\/wp\/v2\/posts\/75370\/revisions"}],"predecessor-version":[{"id":75374,"href":"https:\/\/goiasemtempo.com.br\/home\/wp-json\/wp\/v2\/posts\/75370\/revisions\/75374"}],"wp:featuredmedia":[{"embeddable":true,"href":"https:\/\/goiasemtempo.com.br\/home\/wp-json\/wp\/v2\/media\/75371"}],"wp:attachment":[{"href":"https:\/\/goiasemtempo.com.br\/home\/wp-json\/wp\/v2\/media?parent=75370"}],"wp:term":[{"taxonomy":"category","embeddable":true,"href":"https:\/\/goiasemtempo.com.br\/home\/wp-json\/wp\/v2\/categories?post=75370"},{"taxonomy":"post_tag","embeddable":true,"href":"https:\/\/goiasemtempo.com.br\/home\/wp-json\/wp\/v2\/tags?post=75370"}],"curies":[{"name":"wp","href":"https:\/\/api.w.org\/{rel}","templated":true}]}}