{"id":75333,"date":"2025-02-02T16:28:27","date_gmt":"2025-02-02T16:28:27","guid":{"rendered":"https:\/\/goiasemtempo.com.br\/home\/?p=75333"},"modified":"2025-02-02T16:28:27","modified_gmt":"2025-02-02T16:28:27","slug":"keila-ferreira-lider-da-assembleia-de-deus-no-bras-morre-aos-52-anos","status":"publish","type":"post","link":"https:\/\/goiasemtempo.com.br\/home\/keila-ferreira-lider-da-assembleia-de-deus-no-bras-morre-aos-52-anos\/","title":{"rendered":"Keila Ferreira, l\u00edder da Assembleia de Deus no Br\u00e1s, morre aos 52 anos"},"content":{"rendered":"<div id=\"chunk-9966c\">\n<div class=\"mc-column content-text active-extra-styles \" data-block-type=\"unstyled\" data-block-weight=\"31\" data-block-id=\"2\">\n<p class=\" content-text__container \" data-track-category=\"Link no Texto\" data-track-links=\"\" data-mrf-recirculation=\"Mat\u00e9ria - Links no Texto\">A bispa Keila Ferreira, l\u00edder da Assembleia de Deus no Br\u00e1s, no Centro de\u00a0<a class=\"\" href=\"https:\/\/g1.globo.com\/sp\/sao-paulo\/cidade\/sao-paulo\/\" data-mrf-link=\"https:\/\/g1.globo.com\/sp\/sao-paulo\/cidade\/sao-paulo\/\">S\u00e3o Paulo<\/a>, morreu aos 52 anos neste s\u00e1bado (1\u00b0). A causa da morte n\u00e3o foi divulgada.<\/p>\n<\/div>\n<\/div>\n<div class=\"wall protected-content\">\n<div id=\"chunk-8vi33\">\n<div class=\"mc-column content-text active-extra-styles \" data-block-type=\"unstyled\" data-block-weight=\"37\" data-block-id=\"4\">\n<p class=\" content-text__container \" data-track-category=\"Link no Texto\" data-track-links=\"\" data-mrf-recirculation=\"Mat\u00e9ria - Links no Texto\">L\u00edder evang\u00e9lica conhecida nacionalmente, Keila presidia a Confedera\u00e7\u00e3o de Irm\u00e3s Beneficentes Evang\u00e9licas Nacional (CIBEN), o Congresso Feminino de Ora\u00e7\u00e3o e A\u00e7\u00e3o do Estado de S\u00e3o Paulo (CORAFESP) e o Instituto de Desenvolvimento Educacional e Assist\u00eancia Social (IDEAS).<\/p>\n<\/div>\n<\/div>\n<div id=\"chunk-3365l\">\n<div class=\"mc-column content-text active-extra-styles \" data-block-type=\"unstyled\" data-block-weight=\"28\" data-block-id=\"5\">\n<p class=\" content-text__container \" data-track-category=\"Link no Texto\" data-track-links=\"\" data-mrf-recirculation=\"Mat\u00e9ria - Links no Texto\">A bispa era casada com o bispo Samuel Ferreira, tinha dois filhos \u2014 o pastor Manoel Ferreira Neto e a evangelista Marinna Ferreira \u2014 e dois netos.<\/p>\n<\/div>\n<\/div>\n<\/div>\n","protected":false},"excerpt":{"rendered":"<p>A bispa Keila Ferreira, l\u00edder da Assembleia de Deus no Br\u00e1s, no Centro de\u00a0S\u00e3o Paulo, morreu aos 52 anos neste s\u00e1bado (1\u00b0). A causa da morte n\u00e3o foi divulgada. L\u00edder evang\u00e9lica conhecida nacionalmente, Keila presidia a Confedera\u00e7\u00e3o de Irm\u00e3s Beneficentes Evang\u00e9licas Nacional (CIBEN), o Congresso Feminino de Ora\u00e7\u00e3o e A\u00e7\u00e3o do Estado de S\u00e3o Paulo &hellip;<\/p>\n","protected":false},"author":3,"featured_media":75334,"comment_status":"closed","ping_status":"open","sticky":false,"template":"","format":"standard","meta":{"_exactmetrics_skip_tracking":false,"_exactmetrics_sitenote_active":false,"_exactmetrics_sitenote_note":"","_exactmetrics_sitenote_category":0,"footnotes":""},"categories":[53,58],"tags":[],"_links":{"self":[{"href":"https:\/\/goiasemtempo.com.br\/home\/wp-json\/wp\/v2\/posts\/75333"}],"collection":[{"href":"https:\/\/goiasemtempo.com.br\/home\/wp-json\/wp\/v2\/posts"}],"about":[{"href":"https:\/\/goiasemtempo.com.br\/home\/wp-json\/wp\/v2\/types\/post"}],"author":[{"embeddable":true,"href":"https:\/\/goiasemtempo.com.br\/home\/wp-json\/wp\/v2\/users\/3"}],"replies":[{"embeddable":true,"href":"https:\/\/goiasemtempo.com.br\/home\/wp-json\/wp\/v2\/comments?post=75333"}],"version-history":[{"count":1,"href":"https:\/\/goiasemtempo.com.br\/home\/wp-json\/wp\/v2\/posts\/75333\/revisions"}],"predecessor-version":[{"id":75335,"href":"https:\/\/goiasemtempo.com.br\/home\/wp-json\/wp\/v2\/posts\/75333\/revisions\/75335"}],"wp:featuredmedia":[{"embeddable":true,"href":"https:\/\/goiasemtempo.com.br\/home\/wp-json\/wp\/v2\/media\/75334"}],"wp:attachment":[{"href":"https:\/\/goiasemtempo.com.br\/home\/wp-json\/wp\/v2\/media?parent=75333"}],"wp:term":[{"taxonomy":"category","embeddable":true,"href":"https:\/\/goiasemtempo.com.br\/home\/wp-json\/wp\/v2\/categories?post=75333"},{"taxonomy":"post_tag","embeddable":true,"href":"https:\/\/goiasemtempo.com.br\/home\/wp-json\/wp\/v2\/tags?post=75333"}],"curies":[{"name":"wp","href":"https:\/\/api.w.org\/{rel}","templated":true}]}}