{"id":75328,"date":"2025-02-02T16:24:22","date_gmt":"2025-02-02T16:24:22","guid":{"rendered":"https:\/\/goiasemtempo.com.br\/home\/?p=75328"},"modified":"2025-02-02T16:25:08","modified_gmt":"2025-02-02T16:25:08","slug":"ex-governador-de-minas-newton-cardoso-morre-em-belo-horizonte","status":"publish","type":"post","link":"https:\/\/goiasemtempo.com.br\/home\/ex-governador-de-minas-newton-cardoso-morre-em-belo-horizonte\/","title":{"rendered":"Ex-governador de Minas,  Newton Cardoso morre em Belo Horizonte"},"content":{"rendered":"<div id=\"chunk-atrmk\">\n<div class=\"mc-column content-text active-extra-styles \" data-block-type=\"unstyled\" data-block-weight=\"21\" data-block-id=\"2\">\n<p class=\" content-text__container \" data-track-category=\"Link no Texto\" data-track-links=\"\" data-mrf-recirculation=\"Mat\u00e9ria - Links no Texto\"><span class=\"highlight highlighted\">O ex-governador de Minas Gerais\u00a0<\/span><strong><span class=\"highlight highlighted\">Newton Cardoso<\/span><\/strong><span class=\"highlight highlighted\">\u00a0(<\/span><a class=\"\" href=\"https:\/\/g1.globo.com\/politica\/partido\/mdb\/\" data-mrf-link=\"https:\/\/g1.globo.com\/politica\/partido\/mdb\/\"><span class=\"highlight highlighted\">MDB<\/span><\/a><span class=\"highlight highlighted\">), de 86 anos,<\/span> morreu, na madrugada deste domingo (2), em Belo Horizonte.<\/p>\n<\/div>\n<\/div>\n<div class=\"wall protected-content\">\n<div id=\"chunk-9p9oc\">\n<div class=\"mc-column content-text active-extra-styles \" data-block-type=\"unstyled\" data-block-weight=\"42\" data-block-id=\"4\">\n<p class=\" content-text__container \" data-track-category=\"Link no Texto\" data-track-links=\"\" data-mrf-recirculation=\"Mat\u00e9ria - Links no Texto\">O deputado federal Newton Cardoso J\u00fanior (MDB) disse ao\u00a0<a class=\"\" href=\"https:\/\/g1.globo.com\/mg\/minas-gerais\/\" data-mrf-link=\"https:\/\/g1.globo.com\/mg\/minas-gerais\/\"><strong>g1\u00a0<\/strong><\/a>que o pai estava internado h\u00e1 alguns dias, preferiu n\u00e3o dizer desde quando, no Hospital Orizonti, no bairro Mangabeiras, na Regi\u00e3o Centro-Sul. Ainda segundo J\u00fanior,\u00a0<span class=\"highlight highlighted\">Cardoso morreu de m\u00faltipla fal\u00eancia de org\u00e3os.<\/span><\/p>\n<\/div>\n<\/div>\n<div id=\"chunk-d6llu\">\n<div class=\"row medium-uncollapsed content-media content-photo\" data-block-type=\"backstage-photo\" data-block-id=\"5\">\n<div class=\" mc-column content-media__container\">\n<p class=\"content-media__description \">O vel\u00f3rio ser\u00e1 na manh\u00e3 desta segunda-feira (3), \u00e0s 10h, no Pal\u00e1cio da Liberdade, <span class=\"highlight highlighted\">onde ser\u00e1 realizado com honrarias, por ele ter sido governador do estado e pela carreira pol\u00edtica.<\/span><\/p>\n<\/div>\n<\/div>\n<\/div>\n<div id=\"chunk-bh9li\">\n<div class=\"mc-column content-text active-extra-styles \" data-block-type=\"unstyled\" data-block-weight=\"18\" data-block-id=\"8\">\n<p class=\" content-text__container \" data-track-category=\"Link no Texto\" data-track-links=\"\" data-mrf-recirculation=\"Mat\u00e9ria - Links no Texto\"><span class=\"highlight highlighted\">Newton Cardoso J\u00fanior disse ainda que o corpo do pai ser\u00e1 cremado,<\/span> em cerim\u00f4nia reservada apenas \u00e0 fam\u00edlia.<\/p>\n<p data-track-category=\"Link no Texto\" data-track-links=\"\" data-mrf-recirculation=\"Mat\u00e9ria - Links no Texto\">&#8220;Com profunda tristeza e uma imensa dor no cora\u00e7\u00e3o, comunico o falecimento do meu querido Pai, Newton Cardoso, que nos deixou nesta madrugada do dia 02\/02\/2025, aos 86 anos. Fundador do MDB, foi Governador de Minas Gerais, Vice-Governador, Prefeito de sua querida Contagem por tr\u00eas mandatos, Deputado Federal por tr\u00eas mandatos&#8221;, lamentou a morte do pai em uma rede social.<\/p>\n<\/div>\n<\/div>\n<div id=\"chunk-cmhf5\">\n<div class=\"mc-column content-text active-extra-styles\" data-block-type=\"raw\" data-block-weight=\"60\" data-block-id=\"9\">\n<p><span style=\"font-size: 24px; font-weight: bold;\">Biografia<\/span><\/p>\n<\/div>\n<\/div>\n<div id=\"chunk-7gbu9\">\n<div class=\"mc-column content-text active-extra-styles\" data-block-type=\"raw\" data-block-weight=\"1\" data-block-id=\"10\">\n<p>O ex-governador Newton Cardoso nasceu em 22 de maio de 1938, em Brumado, no estado da Bahia. \u00c9 formado em administra\u00e7\u00e3o p\u00fablica e sociologia pol\u00edtica pela Universidade Federal de Minas Gerais (UFMG) e \u00e9 bacharel em direito pela Pontif\u00edcia Universidade Cat\u00f3lica de Minas Gerais (PUC Minas).<\/p>\n<\/div>\n<\/div>\n<div id=\"chunk-1bqt3\">\n<div class=\"mc-column content-text active-extra-styles \" data-block-type=\"unstyled\" data-block-weight=\"34\" data-block-id=\"12\">\n<p class=\" content-text__container \" data-track-category=\"Link no Texto\" data-track-links=\"\" data-mrf-recirculation=\"Mat\u00e9ria - Links no Texto\">Foi governador de 1987 a 1991, vice-governador de 1999 a 2022 e deputado federal por tr\u00eas mandatos: 1979-1982, 1995-1996, 2011-2015. Al\u00e9m de vice-l\u00edder do MDB na C\u00e2mara dos Deputados de 2011 a 2012.<\/p>\n<\/div>\n<\/div>\n<div id=\"chunk-elsj2\">\n<div class=\"mc-column content-text active-extra-styles \" data-block-type=\"unstyled\" data-block-weight=\"29\" data-block-id=\"13\">\n<p class=\" content-text__container \" data-track-category=\"Link no Texto\" data-track-links=\"\" data-mrf-recirculation=\"Mat\u00e9ria - Links no Texto\">No segundo mandato renunciou em 1996 para assumir a Prefeitura de Contagem, na Regi\u00e3o Metropolitana de Belo Horizonte, onde foi prefeito por tr\u00eas legislatura: 1973-1977, 1983-1986 e 1997- 1998.<\/p>\n<\/div>\n<\/div>\n<div id=\"chunk-9d9pn\">\n<div class=\"content-ads content-ads--reveal\" data-block-type=\"ads\" data-block-id=\"14\"><\/div>\n<\/div>\n<div id=\"chunk-e9tv9\">\n<div class=\"mc-column content-text active-extra-styles \" data-block-type=\"unstyled\" data-block-weight=\"40\" data-block-id=\"15\">\n<p class=\" content-text__container \" data-track-category=\"Link no Texto\" data-track-links=\"\" data-mrf-recirculation=\"Mat\u00e9ria - Links no Texto\">De acordo com o governo de Minas, Newton Cardoso presidiu a Uni\u00e3o Colegial de Minas Gerais e fundou a Casa do Estudante durante sua trajet\u00f3ria estudantil. Foi comercainte nos anos 1950 e na d\u00e9cada seguinte se filiou ao Partido Republicano.<\/p>\n<\/div>\n<\/div>\n<div id=\"chunk-4efit\">\n<div class=\"mc-column content-text active-extra-styles \" data-block-type=\"unstyled\" data-block-weight=\"28\" data-block-id=\"16\">\n<p class=\" content-text__container \" data-track-category=\"Link no Texto\" data-track-links=\"\" data-mrf-recirculation=\"Mat\u00e9ria - Links no Texto\">Durante a ditadura militar, foi um dos fundadores do partido de oposi\u00e7\u00e3o, o Movimento Democr\u00e1tico Brasileiro, MDB. Em 1972, iniciou seu primeiro mandato p\u00fablico como prefeito de Contagem.<\/p>\n<p data-track-category=\"Link no Texto\" data-track-links=\"\" data-mrf-recirculation=\"Mat\u00e9ria - Links no Texto\">Com informa\u00e7\u00f5es do G1.<\/p>\n<\/div>\n<\/div>\n<\/div>\n","protected":false},"excerpt":{"rendered":"<p>O ex-governador de Minas Gerais\u00a0Newton Cardoso\u00a0(MDB), de 86 anos, morreu, na madrugada deste domingo (2), em Belo Horizonte. O deputado federal Newton Cardoso J\u00fanior (MDB) disse ao\u00a0g1\u00a0que o pai estava internado h\u00e1 alguns dias, preferiu n\u00e3o dizer desde quando, no Hospital Orizonti, no bairro Mangabeiras, na Regi\u00e3o Centro-Sul. Ainda segundo J\u00fanior,\u00a0Cardoso morreu de m\u00faltipla fal\u00eancia &hellip;<\/p>\n","protected":false},"author":3,"featured_media":75329,"comment_status":"closed","ping_status":"open","sticky":false,"template":"","format":"standard","meta":{"_exactmetrics_skip_tracking":false,"_exactmetrics_sitenote_active":false,"_exactmetrics_sitenote_note":"","_exactmetrics_sitenote_category":0,"footnotes":""},"categories":[58,2],"tags":[],"_links":{"self":[{"href":"https:\/\/goiasemtempo.com.br\/home\/wp-json\/wp\/v2\/posts\/75328"}],"collection":[{"href":"https:\/\/goiasemtempo.com.br\/home\/wp-json\/wp\/v2\/posts"}],"about":[{"href":"https:\/\/goiasemtempo.com.br\/home\/wp-json\/wp\/v2\/types\/post"}],"author":[{"embeddable":true,"href":"https:\/\/goiasemtempo.com.br\/home\/wp-json\/wp\/v2\/users\/3"}],"replies":[{"embeddable":true,"href":"https:\/\/goiasemtempo.com.br\/home\/wp-json\/wp\/v2\/comments?post=75328"}],"version-history":[{"count":2,"href":"https:\/\/goiasemtempo.com.br\/home\/wp-json\/wp\/v2\/posts\/75328\/revisions"}],"predecessor-version":[{"id":75331,"href":"https:\/\/goiasemtempo.com.br\/home\/wp-json\/wp\/v2\/posts\/75328\/revisions\/75331"}],"wp:featuredmedia":[{"embeddable":true,"href":"https:\/\/goiasemtempo.com.br\/home\/wp-json\/wp\/v2\/media\/75329"}],"wp:attachment":[{"href":"https:\/\/goiasemtempo.com.br\/home\/wp-json\/wp\/v2\/media?parent=75328"}],"wp:term":[{"taxonomy":"category","embeddable":true,"href":"https:\/\/goiasemtempo.com.br\/home\/wp-json\/wp\/v2\/categories?post=75328"},{"taxonomy":"post_tag","embeddable":true,"href":"https:\/\/goiasemtempo.com.br\/home\/wp-json\/wp\/v2\/tags?post=75328"}],"curies":[{"name":"wp","href":"https:\/\/api.w.org\/{rel}","templated":true}]}}