{"id":75290,"date":"2025-01-29T19:03:58","date_gmt":"2025-01-29T19:03:58","guid":{"rendered":"https:\/\/goiasemtempo.com.br\/home\/?p=75290"},"modified":"2025-01-29T19:03:58","modified_gmt":"2025-01-29T19:03:58","slug":"petrobras-avisa-a-lula-que-precisa-reajustar-diesel-impacto-no-valor-por-litro-e-divulgado","status":"publish","type":"post","link":"https:\/\/goiasemtempo.com.br\/home\/petrobras-avisa-a-lula-que-precisa-reajustar-diesel-impacto-no-valor-por-litro-e-divulgado\/","title":{"rendered":"Petrobras avisa a Lula que precisa reajustar diesel; impacto no valor por litro \u00e9 divulgado"},"content":{"rendered":"<p>A presidente da Petrobras, Magda Chambriard, avisou ao presidente Luiz In\u00e1cio Lula da Silva (PT), na \u00faltima ter\u00e7a-feira (28), que a empresa ter\u00e1 que reajustar o pre\u00e7o do diesel. O reajuste pode ser aprovado ainda nesta quarta-feira (29), de acordo com informa\u00e7\u00f5es do G1.<\/p>\n<p>O conselho administrativo da petroleira se re\u00fane hoje para falar sobre o reajuste no valor do combust\u00edvel. Os c\u00e1lculos ainda est\u00e3o sendo realizados, mas especialistas dizem que o pre\u00e7o do diesel na bomba deve sofrer um aumento de R$ 0,18 a R$ 0,24 por litro nos pr\u00f3ximos dias.<\/p>\n<p>Em reuni\u00e3o com Lula, Magda afirmou que a gasolina e o g\u00e1s de cozinha n\u00e3o precisar\u00e3o, por enquanto, de reajuste de pre\u00e7os. Outra fonte que est\u00e1 a par do encontro ainda disse que o governo do presidente recebeu as informa\u00e7\u00f5es, incluindo a necessidade de reajuste, com naturalidade.<\/p>\n<p>O reajuste no pre\u00e7o do diesel preocupa o governo, pois impacta diretamente na infla\u00e7\u00e3o e no aumento dos pre\u00e7os de alimentos, em meio ao momento que o governo busca diminuir os custos nos bolsos dos brasileiros. O setor apontam que h\u00e1 uma defasagem no valor dos combust\u00edveis.<\/p>\n","protected":false},"excerpt":{"rendered":"<p>A presidente da Petrobras, Magda Chambriard, avisou ao presidente Luiz In\u00e1cio Lula da Silva (PT), na \u00faltima ter\u00e7a-feira (28), que a empresa ter\u00e1 que reajustar o pre\u00e7o do diesel. O reajuste pode ser aprovado ainda nesta quarta-feira (29), de acordo com informa\u00e7\u00f5es do G1. O conselho administrativo da petroleira se re\u00fane hoje para falar sobre &hellip;<\/p>\n","protected":false},"author":3,"featured_media":75291,"comment_status":"closed","ping_status":"open","sticky":false,"template":"","format":"standard","meta":{"footnotes":""},"categories":[4],"tags":[],"class_list":["post-75290","post","type-post","status-publish","format-standard","has-post-thumbnail","hentry","category-ultimas-noticias"],"_links":{"self":[{"href":"https:\/\/goiasemtempo.com.br\/home\/wp-json\/wp\/v2\/posts\/75290","targetHints":{"allow":["GET"]}}],"collection":[{"href":"https:\/\/goiasemtempo.com.br\/home\/wp-json\/wp\/v2\/posts"}],"about":[{"href":"https:\/\/goiasemtempo.com.br\/home\/wp-json\/wp\/v2\/types\/post"}],"author":[{"embeddable":true,"href":"https:\/\/goiasemtempo.com.br\/home\/wp-json\/wp\/v2\/users\/3"}],"replies":[{"embeddable":true,"href":"https:\/\/goiasemtempo.com.br\/home\/wp-json\/wp\/v2\/comments?post=75290"}],"version-history":[{"count":1,"href":"https:\/\/goiasemtempo.com.br\/home\/wp-json\/wp\/v2\/posts\/75290\/revisions"}],"predecessor-version":[{"id":75292,"href":"https:\/\/goiasemtempo.com.br\/home\/wp-json\/wp\/v2\/posts\/75290\/revisions\/75292"}],"wp:featuredmedia":[{"embeddable":true,"href":"https:\/\/goiasemtempo.com.br\/home\/wp-json\/wp\/v2\/media\/75291"}],"wp:attachment":[{"href":"https:\/\/goiasemtempo.com.br\/home\/wp-json\/wp\/v2\/media?parent=75290"}],"wp:term":[{"taxonomy":"category","embeddable":true,"href":"https:\/\/goiasemtempo.com.br\/home\/wp-json\/wp\/v2\/categories?post=75290"},{"taxonomy":"post_tag","embeddable":true,"href":"https:\/\/goiasemtempo.com.br\/home\/wp-json\/wp\/v2\/tags?post=75290"}],"curies":[{"name":"wp","href":"https:\/\/api.w.org\/{rel}","templated":true}]}}