{"id":75220,"date":"2025-01-23T21:32:15","date_gmt":"2025-01-23T21:32:15","guid":{"rendered":"https:\/\/goiasemtempo.com.br\/home\/?p=75220"},"modified":"2025-01-23T21:32:15","modified_gmt":"2025-01-23T21:32:15","slug":"ipva-2024-ja-pode-ser-parcelado-para-todos-os-veiculos","status":"publish","type":"post","link":"https:\/\/goiasemtempo.com.br\/home\/ipva-2024-ja-pode-ser-parcelado-para-todos-os-veiculos\/","title":{"rendered":"IPVA 2024 j\u00e1 pode ser parcelado para todos os ve\u00edculos"},"content":{"rendered":"<p>Os propriet\u00e1rios de ve\u00edculos que n\u00e3o pagaram o IPVA de 2024 j\u00e1 podem parcelar o d\u00e9bito em at\u00e9 seis vezes, independentemente do final da placa. O parcelamento deve ser feito pelo site da\u00a0<a href=\"https:\/\/goias.gov.br\/economia\/\">Secretaria da Economia<\/a>, diferente do IPVA de 2025 em que o parcelamento \u00e9 realizado pelo portal do Detran.<\/p>\n<p>O IPVA vencido h\u00e1 mais de 90 dias pode ser parcelado, conforme a legisla\u00e7\u00e3o. O parcelamento se aplica exclusivamente ao valor do IPVA.<\/p>\n<p>Para a quita\u00e7\u00e3o do Licenciamento Anual e eventuais multas de tr\u00e2nsito, \u00e9 necess\u00e1rio acessar tamb\u00e9m o site do Detran ou do Portal Expresso e emitir a DUA ou boleto referente ao d\u00e9bito.<\/p>\n<p>\u201c\u00c9 importante que o motorista regularize sua situa\u00e7\u00e3o junto \u00e0 Receita Estadual e aproveite esse parcelamento para garantir a circula\u00e7\u00e3o do ve\u00edculo dentro da lei evitando complica\u00e7\u00f5es futuras\u201d, ressalta o gerente do IPVA, Jorge Ar\u00eaas.<\/p>\n<h2 class=\"wp-block-heading\">Como parcelar IPVA 2024<\/h2>\n<p>Para parcelar o IPVA vencido h\u00e1 mais de 90 dias, \u00e9 necess\u00e1rio acessar o<a href=\"https:\/\/goias.gov.br\/economia\/\">\u00a0site<\/a>\u00a0da Economia, clicar em \u201cPagar ou Parcelar Tributos\u201d e, na sequ\u00eancia, em \u201cParcelamento do IPVA\u201d. Para simular o parcelamento, basta informar a placa e o Renavam do ve\u00edculo.<\/p>\n<p>A migra\u00e7\u00e3o do IPVA do sistema do Detran para a Secretaria da Economia ocorreu nos dias 7 e 8 de dezembro de 2024, envolvendo aproximadamente 600 mil ve\u00edculos.<\/p>\n<p>Atualmente, cerca de 510 mil ainda possuem d\u00e9bitos referentes a 2024, somando R$ 538 milh\u00f5es. Al\u00e9m disso, mais de 38% desses ve\u00edculos acumulam d\u00edvidas superiores a R$ 3 mil.<\/p>\n","protected":false},"excerpt":{"rendered":"<p>Os propriet\u00e1rios de ve\u00edculos que n\u00e3o pagaram o IPVA de 2024 j\u00e1 podem parcelar o d\u00e9bito em at\u00e9 seis vezes, independentemente do final da placa. O parcelamento deve ser feito pelo site da\u00a0Secretaria da Economia, diferente do IPVA de 2025 em que o parcelamento \u00e9 realizado pelo portal do Detran. O IPVA vencido h\u00e1 mais &hellip;<\/p>\n","protected":false},"author":3,"featured_media":75221,"comment_status":"closed","ping_status":"open","sticky":false,"template":"","format":"standard","meta":{"_exactmetrics_skip_tracking":false,"_exactmetrics_sitenote_active":false,"_exactmetrics_sitenote_note":"","_exactmetrics_sitenote_category":0,"footnotes":""},"categories":[15,346,4],"tags":[],"_links":{"self":[{"href":"https:\/\/goiasemtempo.com.br\/home\/wp-json\/wp\/v2\/posts\/75220"}],"collection":[{"href":"https:\/\/goiasemtempo.com.br\/home\/wp-json\/wp\/v2\/posts"}],"about":[{"href":"https:\/\/goiasemtempo.com.br\/home\/wp-json\/wp\/v2\/types\/post"}],"author":[{"embeddable":true,"href":"https:\/\/goiasemtempo.com.br\/home\/wp-json\/wp\/v2\/users\/3"}],"replies":[{"embeddable":true,"href":"https:\/\/goiasemtempo.com.br\/home\/wp-json\/wp\/v2\/comments?post=75220"}],"version-history":[{"count":1,"href":"https:\/\/goiasemtempo.com.br\/home\/wp-json\/wp\/v2\/posts\/75220\/revisions"}],"predecessor-version":[{"id":75222,"href":"https:\/\/goiasemtempo.com.br\/home\/wp-json\/wp\/v2\/posts\/75220\/revisions\/75222"}],"wp:featuredmedia":[{"embeddable":true,"href":"https:\/\/goiasemtempo.com.br\/home\/wp-json\/wp\/v2\/media\/75221"}],"wp:attachment":[{"href":"https:\/\/goiasemtempo.com.br\/home\/wp-json\/wp\/v2\/media?parent=75220"}],"wp:term":[{"taxonomy":"category","embeddable":true,"href":"https:\/\/goiasemtempo.com.br\/home\/wp-json\/wp\/v2\/categories?post=75220"},{"taxonomy":"post_tag","embeddable":true,"href":"https:\/\/goiasemtempo.com.br\/home\/wp-json\/wp\/v2\/tags?post=75220"}],"curies":[{"name":"wp","href":"https:\/\/api.w.org\/{rel}","templated":true}]}}