{"id":75114,"date":"2024-12-22T17:17:22","date_gmt":"2024-12-22T17:17:22","guid":{"rendered":"https:\/\/goiasemtempo.com.br\/home\/?p=75114"},"modified":"2024-12-22T17:19:15","modified_gmt":"2024-12-22T17:19:15","slug":"presidente-lula-exclui-presos-de-8-de-janeiro-do-indulto-natalino","status":"publish","type":"post","link":"https:\/\/goiasemtempo.com.br\/home\/presidente-lula-exclui-presos-de-8-de-janeiro-do-indulto-natalino\/","title":{"rendered":"Presidente Lula Exclui  do Indulto de Natal presos de 8 de Janeiro"},"content":{"rendered":"<p>O presidente Luiz In\u00e1cio Lula da Silva sancionou o decreto do indulto natalino de 2024, previsto para ser publicado no Di\u00e1rio Oficial da Uni\u00e3o na pr\u00f3xima segunda-feira, 23 de dezembro. Entre os detalhes do documento, destaca-se a exclus\u00e3o dos envolvidos nos atos antidemocr\u00e1ticos de 8 de janeiro, os quais n\u00e3o poder\u00e3o acessar o benef\u00edcio.<\/p>\n<div class=\"code-block code-block-4\">\n<div class=\"n2-section-smartslider fitvidsignore n2_clear\" data-ssid=\"4\">\n<div id=\"n2-ss-4-align\" class=\"n2-ss-align n2-ss-align-visible\">\n<div class=\"n2-padding\">\n<div id=\"n2-ss-4\" class=\"n2-ss-slider n2-ow n2-has-hover n2-ss-desktopPortrait n2-ss-loaded\" data-creator=\"Smart Slider 3\" data-responsive=\"auto\" data-device-mode=\"desktopPortrait\">\n<div class=\"n2-ss-slider-wrapper-inside\">\n<div class=\"n2-ss-slider-1 n2_ss__touch_element n2-ow\">\n<div class=\"n2-ss-slider-2 n2-ow\">\n<div class=\"n2-ss-slider-3 n2-ow\">\n<div class=\"n2-ss-slide-backgrounds n2-ow-all\">\n<div class=\"n2-ss-slide-background\" data-public-id=\"1\" data-mode=\"fill\">\n<div class=\"n2-ss-slide-background-image\" data-blur=\"0\" data-opacity=\"100\" data-x=\"50\" data-y=\"50\" data-alt=\"\" data-title=\"\">\n<p>De acordo com informa\u00e7\u00f5es apuradas, o decreto mant\u00e9m de fora indiv\u00edduos condenados por crimes hediondos, tortura, terrorismo, racismo, lavagem de dinheiro, abuso de autoridade e viol\u00eancia contra mulheres, crian\u00e7as e adolescentes, al\u00e9m de integrantes de organiza\u00e7\u00f5es criminosas.<\/p>\n<div class=\"code-block code-block-5\">\n<p>Por outro lado, o indulto beneficiar\u00e1 presos condenados por crimes culposos (sem inten\u00e7\u00e3o de cometer o ato), independentemente da dura\u00e7\u00e3o da pena, e aqueles condenados a at\u00e9 12 anos por crimes n\u00e3o violentos ou sem grave amea\u00e7a. Al\u00e9m disso, o decreto tamb\u00e9m favorece pessoas que j\u00e1 cumpriram 15 anos de pena ininterruptamente, no caso de n\u00e3o reincidentes, e 20 anos para os reincidentes.<\/p>\n<\/div>\n<p>O texto ainda prev\u00ea benef\u00edcios espec\u00edficos para detentos em situa\u00e7\u00f5es de vulnerabilidade, como indiv\u00edduos com transtorno do espectro autista severo, parapl\u00e9gicos, tetrapl\u00e9gicos, cegos ou portadores de outras defici\u00eancias graves. Presos maiores de 60 anos, ou que sejam respons\u00e1veis por cuidar de crian\u00e7as menores de 12 anos ou dependentes com defici\u00eancia, tamb\u00e9m ter\u00e3o acesso facilitado ao indulto, mediante comprova\u00e7\u00e3o.<\/p>\n<div class=\"code-block code-block-6\">\n<div data-type=\"_mgwidget\" data-widget-id=\"1338822\" data-uid=\"14d4d\">\n<div id=\"mgw1338822_14d4d\">\n<div>\n<div class=\"mgbox\">\n<div class=\"mgheader\"><\/div>\n<\/div>\n<\/div>\n<\/div>\n<\/div>\n<\/div>\n<\/div>\n<div class=\"n2-ss-slide-background-color\" data-color=\"RGBA(255,255,255,0)\"><\/div>\n<\/div>\n<div class=\"n2-ss-slide-background\" data-public-id=\"2\" data-mode=\"fill\">\n<div class=\"n2-ss-slide-background-image\" data-blur=\"0\" data-opacity=\"100\" data-x=\"50\" data-y=\"50\" data-alt=\"\" data-title=\"\"><\/div>\n<div class=\"n2-ss-slide-background-color\" data-color=\"RGBA(255,255,255,0)\"><\/div>\n<\/div>\n<\/div>\n<div class=\"n2-ss-slider-4 n2-ow\">\n<div class=\"n2-ss-slide n2-ow n2-ss-slide-9 n2-ss-slide-active\" tabindex=\"0\" role=\"button\" data-first=\"1\" data-slide-duration=\"0\" data-id=\"9\" data-slide-public-id=\"1\" data-title=\"Banner 2 Ebooks - Black de Natal 300x250\" data-haslink=\"1\" data-href=\"https:\/\/pay.kiwify.com.br\/yTuXfBn\" data-target=\"_blank\" data-n2click=\"url\" data-force-pointer=\"\"><\/div>\n<div class=\"n2-ss-slide n2-ow n2-ss-slide-10\" tabindex=\"-1\" role=\"button\" data-slide-duration=\"0\" data-id=\"10\" data-slide-public-id=\"2\" data-title=\"Banner Seguro Ve\u00edculo 300x250\" data-haslink=\"1\" data-href=\"https:\/\/encurtador.com.br\/TVTnj\" data-target=\"_blank\" data-n2click=\"url\" data-force-pointer=\"\" aria-hidden=\"true\">\n<div class=\"n2-ss-layers-container n2-ss-slide-limiter n2-ow\">\n<div class=\"n2-ss-layer n2-ow n-uc-z6gxh7HPhnI1\" data-sstype=\"slide\" data-pm=\"default\"><\/div>\n<\/div>\n<\/div>\n<\/div>\n<\/div>\n<\/div>\n<\/div>\n<div class=\"n2-ss-slider-controls n2-ss-slider-controls-absolute-left-center\">\n<div id=\"n2-ss-4-arrow-previous\" class=\"n2-ss-widget nextend-arrow n2-ow-all nextend-arrow-previous nextend-arrow-animated-fade\" tabindex=\"0\" role=\"button\" data-hide-mobileportrait=\"1\" aria-label=\"previous arrow\"><img loading=\"lazy\" decoding=\"async\" class=\"skip-lazy\" src=\"data:image\/svg+xml;base64,PHN2ZyB3aWR0aD0iMzIiIGhlaWdodD0iMzIiIHZpZXdCb3g9IjAgMCAzMiAzMiIgeG1sbnM9Imh0dHA6Ly93d3cudzMub3JnLzIwMDAvc3ZnIj4KICAgIDxwYXRoIGQ9Ik0xMS40MzMgMTUuOTkyTDIyLjY5IDUuNzEyYy4zOTMtLjM5LjM5My0xLjAzIDAtMS40Mi0uMzkzLS4zOS0xLjAzLS4zOS0xLjQyMyAwbC0xMS45OCAxMC45NGMtLjIxLjIxLS4zLjQ5LS4yODUuNzYtLjAxNS4yOC4wNzUuNTYuMjg0Ljc3bDExLjk4IDEwLjk0Yy4zOTMuMzkgMS4wMy4zOSAxLjQyNCAwIC4zOTMtLjQuMzkzLTEuMDMgMC0xLjQybC0xMS4yNTctMTAuMjkiCiAgICAgICAgICBmaWxsPSIjZmZmZmZmIiBvcGFjaXR5PSIwLjgiIGZpbGwtcnVsZT0iZXZlbm9kZCIvPgo8L3N2Zz4=\" alt=\"previous arrow\" width=\"32\" height=\"32\" data-skip-lazy=\"1\" \/><\/div>\n<\/div>\n<div class=\"n2-ss-slider-controls n2-ss-slider-controls-absolute-right-center\">\n<div id=\"n2-ss-4-arrow-next\" class=\"n2-ss-widget nextend-arrow n2-ow-all nextend-arrow-next nextend-arrow-animated-fade\" tabindex=\"0\" role=\"button\" data-hide-mobileportrait=\"1\" aria-label=\"next arrow\"><img loading=\"lazy\" decoding=\"async\" class=\"skip-lazy\" src=\"data:image\/svg+xml;base64,PHN2ZyB3aWR0aD0iMzIiIGhlaWdodD0iMzIiIHZpZXdCb3g9IjAgMCAzMiAzMiIgeG1sbnM9Imh0dHA6Ly93d3cudzMub3JnLzIwMDAvc3ZnIj4KICAgIDxwYXRoIGQ9Ik0xMC43MjIgNC4yOTNjLS4zOTQtLjM5LTEuMDMyLS4zOS0xLjQyNyAwLS4zOTMuMzktLjM5MyAxLjAzIDAgMS40MmwxMS4yODMgMTAuMjgtMTEuMjgzIDEwLjI5Yy0uMzkzLjM5LS4zOTMgMS4wMiAwIDEuNDIuMzk1LjM5IDEuMDMzLjM5IDEuNDI3IDBsMTIuMDA3LTEwLjk0Yy4yMS0uMjEuMy0uNDkuMjg0LS43Ny4wMTQtLjI3LS4wNzYtLjU1LS4yODYtLjc2TDEwLjcyIDQuMjkzeiIKICAgICAgICAgIGZpbGw9IiNmZmZmZmYiIG9wYWNpdHk9IjAuOCIgZmlsbC1ydWxlPSJldmVub2RkIi8+Cjwvc3ZnPg==\" alt=\"next arrow\" width=\"32\" height=\"32\" data-skip-lazy=\"1\" \/><\/div>\n<\/div>\n<\/div>\n<\/div>\n<\/div>\n<\/div>\n<div class=\"n2_clear\"><\/div>\n<\/div>\n<\/div>\n","protected":false},"excerpt":{"rendered":"<p>O presidente Luiz In\u00e1cio Lula da Silva sancionou o decreto do indulto natalino de 2024, previsto para ser publicado no Di\u00e1rio Oficial da Uni\u00e3o na pr\u00f3xima segunda-feira, 23 de dezembro. Entre os detalhes do documento, destaca-se a exclus\u00e3o dos envolvidos nos atos antidemocr\u00e1ticos de 8 de janeiro, os quais n\u00e3o poder\u00e3o acessar o benef\u00edcio. De &hellip;<\/p>\n","protected":false},"author":3,"featured_media":75115,"comment_status":"closed","ping_status":"open","sticky":false,"template":"","format":"standard","meta":{"footnotes":""},"categories":[6,26,19,4],"tags":[],"class_list":["post-75114","post","type-post","status-publish","format-standard","has-post-thumbnail","hentry","category-brasil","category-justica","category-manchete","category-ultimas-noticias"],"_links":{"self":[{"href":"https:\/\/goiasemtempo.com.br\/home\/wp-json\/wp\/v2\/posts\/75114","targetHints":{"allow":["GET"]}}],"collection":[{"href":"https:\/\/goiasemtempo.com.br\/home\/wp-json\/wp\/v2\/posts"}],"about":[{"href":"https:\/\/goiasemtempo.com.br\/home\/wp-json\/wp\/v2\/types\/post"}],"author":[{"embeddable":true,"href":"https:\/\/goiasemtempo.com.br\/home\/wp-json\/wp\/v2\/users\/3"}],"replies":[{"embeddable":true,"href":"https:\/\/goiasemtempo.com.br\/home\/wp-json\/wp\/v2\/comments?post=75114"}],"version-history":[{"count":3,"href":"https:\/\/goiasemtempo.com.br\/home\/wp-json\/wp\/v2\/posts\/75114\/revisions"}],"predecessor-version":[{"id":75118,"href":"https:\/\/goiasemtempo.com.br\/home\/wp-json\/wp\/v2\/posts\/75114\/revisions\/75118"}],"wp:featuredmedia":[{"embeddable":true,"href":"https:\/\/goiasemtempo.com.br\/home\/wp-json\/wp\/v2\/media\/75115"}],"wp:attachment":[{"href":"https:\/\/goiasemtempo.com.br\/home\/wp-json\/wp\/v2\/media?parent=75114"}],"wp:term":[{"taxonomy":"category","embeddable":true,"href":"https:\/\/goiasemtempo.com.br\/home\/wp-json\/wp\/v2\/categories?post=75114"},{"taxonomy":"post_tag","embeddable":true,"href":"https:\/\/goiasemtempo.com.br\/home\/wp-json\/wp\/v2\/tags?post=75114"}],"curies":[{"name":"wp","href":"https:\/\/api.w.org\/{rel}","templated":true}]}}