{"id":75089,"date":"2024-12-12T20:53:20","date_gmt":"2024-12-12T20:53:20","guid":{"rendered":"https:\/\/goiasemtempo.com.br\/home\/?p=75089"},"modified":"2024-12-12T20:58:56","modified_gmt":"2024-12-12T20:58:56","slug":"world-trade-center-e-inaugurado-em-goiania-com-operacoes-premium-como-nb-steak-e-maremonti","status":"publish","type":"post","link":"https:\/\/goiasemtempo.com.br\/home\/world-trade-center-e-inaugurado-em-goiania-com-operacoes-premium-como-nb-steak-e-maremonti\/","title":{"rendered":"World Trade Center \u00e9 inaugurado em Goi\u00e2nia com opera\u00e7\u00f5es premium como NB Steak e Maremonti"},"content":{"rendered":"<p>Na \u00faltima quarta-feira (11), Goi\u00e2nia inaugurou um novo marco arquitet\u00f4nico e empresarial: o World Trade Center, localizado no Setor Marista. O evento de inaugura\u00e7\u00e3o contou com a apresenta\u00e7\u00e3o do DJ M\u00facio, em um dueto especial com a banda Groove de Quintal.<\/p>\n<p>O empreendimento promete redefinir padr\u00f5es de sofistica\u00e7\u00e3o e funcionalidade na capital, integrando em um \u00fanico espa\u00e7o um hotel de alto padr\u00e3o, um complexo gastron\u00f4mico e o renomado SPA MandariN Urbano.<\/p>\n<p>Entre os destaques gastron\u00f4micos est\u00e3o os restaurantes NB Steak e Maremonti, reconhecidos, respectivamente, pela excel\u00eancia em cortes premium e pela autenticidade da culin\u00e1ria italiana. O evento, reservado para 300 convidados, ofereceu um menu exclusivo assinado pelo NB Steak e Maremonti, refor\u00e7ando o conceito de sofistica\u00e7\u00e3o e exclusividade do espa\u00e7o.<\/p>\n<p>A noite tamb\u00e9m foi marcada pela presen\u00e7a de Arri Coser, fundador do MDR Group, do NB Steak e do Maremonti, cuja vis\u00e3o empreendedora foi respons\u00e1vel por trazer essas marcas renomadas para Goi\u00e2nia.<\/p>\n<p>O World Trade Center Goi\u00e2nia representa mais do que um empreendimento; \u00e9 um s\u00edmbolo da evolu\u00e7\u00e3o e do potencial da cidade, que se consolida como um polo atrativo para neg\u00f3cios, gastronomia e bem-estar.<\/p>\n<p>&nbsp;<\/p>\n<p><strong>Assessoria de Imprensa<\/strong><br \/>\nPalavra Comunica\u00e7\u00e3o<br \/>\nE-mail: noticias@palavracom.com<\/p>\n<p><img decoding=\"async\" src=\"https:\/\/goiasemtempo.com.br\/home\/wp-content\/uploads\/2024\/12\/wtc-34.jpg\" \/><\/p>\n<p><img decoding=\"async\" src=\"https:\/\/goiasemtempo.com.br\/home\/wp-content\/uploads\/2024\/12\/wtc-23.jpg\" \/><\/p>\n<p><img decoding=\"async\" src=\"https:\/\/goiasemtempo.com.br\/home\/wp-content\/uploads\/2024\/12\/wtc-1.jpg\" \/><\/p>\n","protected":false},"excerpt":{"rendered":"<p>Na \u00faltima quarta-feira (11), Goi\u00e2nia inaugurou um novo marco arquitet\u00f4nico e empresarial: o World Trade Center, localizado no Setor Marista. O evento de inaugura\u00e7\u00e3o contou com a apresenta\u00e7\u00e3o do DJ M\u00facio, em um dueto especial com a banda Groove de Quintal. O empreendimento promete redefinir padr\u00f5es de sofistica\u00e7\u00e3o e funcionalidade na capital, integrando em um &hellip;<\/p>\n","protected":false},"author":3,"featured_media":75095,"comment_status":"closed","ping_status":"open","sticky":false,"template":"","format":"standard","meta":{"_exactmetrics_skip_tracking":false,"_exactmetrics_sitenote_active":false,"_exactmetrics_sitenote_note":"","_exactmetrics_sitenote_category":0,"footnotes":""},"categories":[473,500,22],"tags":[],"_links":{"self":[{"href":"https:\/\/goiasemtempo.com.br\/home\/wp-json\/wp\/v2\/posts\/75089"}],"collection":[{"href":"https:\/\/goiasemtempo.com.br\/home\/wp-json\/wp\/v2\/posts"}],"about":[{"href":"https:\/\/goiasemtempo.com.br\/home\/wp-json\/wp\/v2\/types\/post"}],"author":[{"embeddable":true,"href":"https:\/\/goiasemtempo.com.br\/home\/wp-json\/wp\/v2\/users\/3"}],"replies":[{"embeddable":true,"href":"https:\/\/goiasemtempo.com.br\/home\/wp-json\/wp\/v2\/comments?post=75089"}],"version-history":[{"count":1,"href":"https:\/\/goiasemtempo.com.br\/home\/wp-json\/wp\/v2\/posts\/75089\/revisions"}],"predecessor-version":[{"id":75094,"href":"https:\/\/goiasemtempo.com.br\/home\/wp-json\/wp\/v2\/posts\/75089\/revisions\/75094"}],"wp:featuredmedia":[{"embeddable":true,"href":"https:\/\/goiasemtempo.com.br\/home\/wp-json\/wp\/v2\/media\/75095"}],"wp:attachment":[{"href":"https:\/\/goiasemtempo.com.br\/home\/wp-json\/wp\/v2\/media?parent=75089"}],"wp:term":[{"taxonomy":"category","embeddable":true,"href":"https:\/\/goiasemtempo.com.br\/home\/wp-json\/wp\/v2\/categories?post=75089"},{"taxonomy":"post_tag","embeddable":true,"href":"https:\/\/goiasemtempo.com.br\/home\/wp-json\/wp\/v2\/tags?post=75089"}],"curies":[{"name":"wp","href":"https:\/\/api.w.org\/{rel}","templated":true}]}}