{"id":75053,"date":"2024-12-07T16:53:56","date_gmt":"2024-12-07T16:53:56","guid":{"rendered":"https:\/\/goiasemtempo.com.br\/home\/?p=75053"},"modified":"2024-12-07T16:56:59","modified_gmt":"2024-12-07T16:56:59","slug":"desmatamento-em-goias-atinge-menor-nivel-desde-2001-aponta-inpe","status":"publish","type":"post","link":"https:\/\/goiasemtempo.com.br\/home\/desmatamento-em-goias-atinge-menor-nivel-desde-2001-aponta-inpe\/","title":{"rendered":"Desmatamento em Goi\u00e1s atinge menor n\u00edvel desde 2001, aponta Inpe"},"content":{"rendered":"<p>O desmatamento em Goi\u00e1s registrou, neste ano, o menor \u00edndice em mais de duas d\u00e9cadas. Dados do Prodes, sistema de monitoramento do Instituto Nacional de Pesquisas Espaciais (Inpe), indicam que a supress\u00e3o de vegeta\u00e7\u00e3o no estado foi de 411,9 quil\u00f4metros quadrados neste ano, a menor marca desde o in\u00edcio da s\u00e9rie hist\u00f3rica, em 2001.<\/p>\n<p>Em compara\u00e7\u00e3o a 2023, quando o desmatamento atingiu cerca de 804 km\u00b2, a redu\u00e7\u00e3o foi de 48,8%. J\u00e1 em rela\u00e7\u00e3o a 2022, quando 984,8 km\u00b2 de vegeta\u00e7\u00e3o foram suprimidos, a diminui\u00e7\u00e3o alcan\u00e7ou 58,1%.<\/p>\n<p>A redu\u00e7\u00e3o percentual do desmatamento em Goi\u00e1s (48,8%) foi a terceira maior do pa\u00eds, ficando atr\u00e1s apenas do Distrito Federal (72,2%) e da Bahia (63,3%). Em contrapartida, alguns estados registraram aumento na devasta\u00e7\u00e3o, como S\u00e3o Paulo (112,8%), Paran\u00e1 (33,3%) e Par\u00e1 (14,2%).<\/p>\n<p><strong>ESTRAT\u00c9GIAS<\/strong><\/p>\n<p>A secret\u00e1ria estadual de Meio Ambiente e Desenvolvimento Sustent\u00e1vel, Andr\u00e9a Vulcanis, credita o resultado \u00e0s a\u00e7\u00f5es implementadas pelo Governo de Goi\u00e1s desde 2019, durante a gest\u00e3o de Ronaldo Caiado.<\/p>\n<p>Segundo Vulcanis, o governo estruturou sua pol\u00edtica ambiental em tr\u00eas pilares: melhoria nos servi\u00e7os de licenciamento ambiental, fortalecimento do di\u00e1logo com o setor produtivo e intensifica\u00e7\u00e3o da fiscaliza\u00e7\u00e3o sobre pr\u00e1ticas ilegais. \u00a0&#8220;Em 2023, assinamos com o setor produtivo um pacto pelo desmatamento ilegal zero. Foi um chamado para que, juntos, a gente consiga zerar a supress\u00e3o feita \u00e0 margem da lei at\u00e9 2030. Os dados mostram que o di\u00e1logo e a conscientiza\u00e7\u00e3o est\u00e3o trazendo resultados&#8221;, afirmou a secret\u00e1ria.<\/p>\n<p>Al\u00e9m disso, ela destacou os investimentos realizados para tornar o atendimento mais eficiente. &#8220;No \u00e2mbito da Semad, o investimento \u00e9 constante na presta\u00e7\u00e3o de servi\u00e7os. Se o atendimento \u00e9 r\u00e1pido e eficiente, as pessoas entendem que vale mais a pena produzir como determina a lei&#8221;, completou.<\/p>\n","protected":false},"excerpt":{"rendered":"<p>O desmatamento em Goi\u00e1s registrou, neste ano, o menor \u00edndice em mais de duas d\u00e9cadas. Dados do Prodes, sistema de monitoramento do Instituto Nacional de Pesquisas Espaciais (Inpe), indicam que a supress\u00e3o de vegeta\u00e7\u00e3o no estado foi de 411,9 quil\u00f4metros quadrados neste ano, a menor marca desde o in\u00edcio da s\u00e9rie hist\u00f3rica, em 2001. Em &hellip;<\/p>\n","protected":false},"author":3,"featured_media":75055,"comment_status":"closed","ping_status":"open","sticky":false,"template":"","format":"standard","meta":{"_exactmetrics_skip_tracking":false,"_exactmetrics_sitenote_active":false,"_exactmetrics_sitenote_note":"","_exactmetrics_sitenote_category":0,"footnotes":""},"categories":[15,19,504],"tags":[],"_links":{"self":[{"href":"https:\/\/goiasemtempo.com.br\/home\/wp-json\/wp\/v2\/posts\/75053"}],"collection":[{"href":"https:\/\/goiasemtempo.com.br\/home\/wp-json\/wp\/v2\/posts"}],"about":[{"href":"https:\/\/goiasemtempo.com.br\/home\/wp-json\/wp\/v2\/types\/post"}],"author":[{"embeddable":true,"href":"https:\/\/goiasemtempo.com.br\/home\/wp-json\/wp\/v2\/users\/3"}],"replies":[{"embeddable":true,"href":"https:\/\/goiasemtempo.com.br\/home\/wp-json\/wp\/v2\/comments?post=75053"}],"version-history":[{"count":1,"href":"https:\/\/goiasemtempo.com.br\/home\/wp-json\/wp\/v2\/posts\/75053\/revisions"}],"predecessor-version":[{"id":75054,"href":"https:\/\/goiasemtempo.com.br\/home\/wp-json\/wp\/v2\/posts\/75053\/revisions\/75054"}],"wp:featuredmedia":[{"embeddable":true,"href":"https:\/\/goiasemtempo.com.br\/home\/wp-json\/wp\/v2\/media\/75055"}],"wp:attachment":[{"href":"https:\/\/goiasemtempo.com.br\/home\/wp-json\/wp\/v2\/media?parent=75053"}],"wp:term":[{"taxonomy":"category","embeddable":true,"href":"https:\/\/goiasemtempo.com.br\/home\/wp-json\/wp\/v2\/categories?post=75053"},{"taxonomy":"post_tag","embeddable":true,"href":"https:\/\/goiasemtempo.com.br\/home\/wp-json\/wp\/v2\/tags?post=75053"}],"curies":[{"name":"wp","href":"https:\/\/api.w.org\/{rel}","templated":true}]}}