{"id":74988,"date":"2024-11-28T05:03:53","date_gmt":"2024-11-28T05:03:53","guid":{"rendered":"https:\/\/goiasemtempo.com.br\/home\/?p=74988"},"modified":"2024-11-28T05:03:53","modified_gmt":"2024-11-28T05:03:53","slug":"haddad-anuncia-limite-para-aposentadoria-de-militares-e-ajustes-fiscais-para-servidores","status":"publish","type":"post","link":"https:\/\/goiasemtempo.com.br\/home\/haddad-anuncia-limite-para-aposentadoria-de-militares-e-ajustes-fiscais-para-servidores\/","title":{"rendered":"Haddad anuncia limite para aposentadoria de militares e ajustes fiscais para servidores"},"content":{"rendered":"<p>Em pronunciamento transmitido na noite desta quarta-feira (27\/11), o ministro da Fazenda, Fernando Haddad, detalhou um pacote de medidas fiscais que inclui a fixa\u00e7\u00e3o de uma idade m\u00ednima para a aposentadoria dos militares e ajustes nos benef\u00edcios de servidores p\u00fablicos. As mudan\u00e7as integram os cortes de gastos do governo para tentar equilibrar as contas p\u00fablicas.<\/p>\n<p>Entre as a\u00e7\u00f5es, Haddad confirmou a restri\u00e7\u00e3o na transfer\u00eancia de pens\u00f5es para familiares de militares e a implementa\u00e7\u00e3o de controles mais r\u00edgidos para benef\u00edcios. \u201cEssas mudan\u00e7as s\u00e3o justas e necess\u00e1rias. Estamos corrigindo excessos e garantindo que todos os agentes p\u00fablicos estejam sujeitos ao teto constitucional\u201d, afirmou o ministro.<\/p>\n<div class=\"code-block code-block-5\"><ins class=\"adsbygoogle\" data-ad-layout=\"in-article\" data-ad-format=\"fluid\" data-ad-client=\"ca-pub-2026331402287950\" data-ad-slot=\"8790786204\" data-adsbygoogle-status=\"done\" data-ad-status=\"unfilled\"><\/p>\n<div id=\"aswift_3_host\"><span style=\"background-color: #ffffff;\">O pacote tamb\u00e9m contempla a tributa\u00e7\u00e3o de lucros e dividendos superiores a R$ 50 mil e outras iniciativas voltadas a combater privil\u00e9gios considerados incompat\u00edveis com o princ\u00edpio da igualdade. Segundo Haddad, as altera\u00e7\u00f5es devem gerar uma economia de R$ 70 bilh\u00f5es nos pr\u00f3ximos dois anos. \u201cEssas medidas s\u00e3o fundamentais para alcan\u00e7ar a equival\u00eancia entre receita e despesa e garantir a sustentabilidade fiscal do pa\u00eds\u201d, declarou.<\/span><\/div>\n<div><\/div>\n<p><\/ins><\/div>\n<p>Al\u00e9m das mudan\u00e7as para militares e servidores, o governo confirmou a amplia\u00e7\u00e3o da isen\u00e7\u00e3o do Imposto de Renda para quem ganha at\u00e9 R$ 5 mil, uma promessa de campanha do presidente Luiz In\u00e1cio Lula da Silva. Haddad destacou que o pacote fiscal combina responsabilidade com justi\u00e7a social, visando proteger os mais vulner\u00e1veis.<\/p>\n","protected":false},"excerpt":{"rendered":"<p>Em pronunciamento transmitido na noite desta quarta-feira (27\/11), o ministro da Fazenda, Fernando Haddad, detalhou um pacote de medidas fiscais que inclui a fixa\u00e7\u00e3o de uma idade m\u00ednima para a aposentadoria dos militares e ajustes nos benef\u00edcios de servidores p\u00fablicos. As mudan\u00e7as integram os cortes de gastos do governo para tentar equilibrar as contas p\u00fablicas. &hellip;<\/p>\n","protected":false},"author":3,"featured_media":74989,"comment_status":"closed","ping_status":"open","sticky":false,"template":"","format":"standard","meta":{"_exactmetrics_skip_tracking":false,"_exactmetrics_sitenote_active":false,"_exactmetrics_sitenote_note":"","_exactmetrics_sitenote_category":0,"footnotes":""},"categories":[17,19,2],"tags":[],"_links":{"self":[{"href":"https:\/\/goiasemtempo.com.br\/home\/wp-json\/wp\/v2\/posts\/74988"}],"collection":[{"href":"https:\/\/goiasemtempo.com.br\/home\/wp-json\/wp\/v2\/posts"}],"about":[{"href":"https:\/\/goiasemtempo.com.br\/home\/wp-json\/wp\/v2\/types\/post"}],"author":[{"embeddable":true,"href":"https:\/\/goiasemtempo.com.br\/home\/wp-json\/wp\/v2\/users\/3"}],"replies":[{"embeddable":true,"href":"https:\/\/goiasemtempo.com.br\/home\/wp-json\/wp\/v2\/comments?post=74988"}],"version-history":[{"count":1,"href":"https:\/\/goiasemtempo.com.br\/home\/wp-json\/wp\/v2\/posts\/74988\/revisions"}],"predecessor-version":[{"id":74990,"href":"https:\/\/goiasemtempo.com.br\/home\/wp-json\/wp\/v2\/posts\/74988\/revisions\/74990"}],"wp:featuredmedia":[{"embeddable":true,"href":"https:\/\/goiasemtempo.com.br\/home\/wp-json\/wp\/v2\/media\/74989"}],"wp:attachment":[{"href":"https:\/\/goiasemtempo.com.br\/home\/wp-json\/wp\/v2\/media?parent=74988"}],"wp:term":[{"taxonomy":"category","embeddable":true,"href":"https:\/\/goiasemtempo.com.br\/home\/wp-json\/wp\/v2\/categories?post=74988"},{"taxonomy":"post_tag","embeddable":true,"href":"https:\/\/goiasemtempo.com.br\/home\/wp-json\/wp\/v2\/tags?post=74988"}],"curies":[{"name":"wp","href":"https:\/\/api.w.org\/{rel}","templated":true}]}}